{"id":198927,"date":"2025-06-18T02:42:09","date_gmt":"2025-06-18T02:42:09","guid":{"rendered":"https:\/\/www.europesays.com\/de\/198927\/"},"modified":"2025-06-18T02:42:09","modified_gmt":"2025-06-18T02:42:09","slug":"ueberfall-mit-millionenbeute-neuer-fall-im-klette-prozess","status":"publish","type":"post","link":"https:\/\/www.europesays.com\/de\/198927\/","title":{"rendered":"\u00dcberfall mit Millionenbeute &#8211; Neuer Fall im Klette-Prozess"},"content":{"rendered":"<p class=\"\">\n                    Im Prozess gegen die ehemalige RAF-Terroristin Daniela Klette wird der zweite Raub\u00fcberfall verhandelt. Ab dem Morgen (9 Uhr) sollen drei Zeugen zu einem \u00dcberfall in Cremlingen aussagen, wie das Landgericht Verden mitteilte. Die Staatsanwaltschaft geht davon aus, dass Klette und ihre Komplizen damals knapp 1,4 Millionen Euro erbeutet haben.<\/p>\n<p class=\"\">\n                    Laut Anklage lauerten Klette, Burkhard Garweg und Ernst-Volker Staub dem Fahrer eines Geldtransporters und seinem Beifahrer am 25. Juni 2016 vor einer M\u00f6belfiliale auf. Sie sollen den Transporter mit zwei Autos eingekeilt haben. Ein Maskierter &#8211; mutma\u00dflich Staub &#8211; soll den ausgestiegenen Beifahrer mit einer Pistole bedroht und Geld gefordert haben. Der Geldbote glaubte anfangs an einen Scherz und betrat mit einer Geldkassette das Gesch\u00e4ft. Erst als der Bewaffnete in die Decke des Ladens schoss, soll er den Ernst der Lage verstanden haben und zur\u00fcck zum Transporter gegangen sein.<\/p>\n<p class=\"\">\n                    W\u00e4hrenddessen soll Klette eine kleine Pistole um die Schulter geh\u00e4ngt und den Fahrer des Geldtransporters mit einer Panzerfaust bedroht haben. Nach Angaben der Staatsanwaltschaft schoss Garweg mit einem Gewehr auf den Fu\u00dfraum des Geldtransporters und drohte damit, den Geldboten zu t\u00f6ten. Der Fahrer \u00f6ffnete daraufhin den Transporter, Staub soll zwei K\u00fcbel mit Bargeld erbeutet und nach dem Verladen noch zweimal auf eine Reklametafel geschossen haben. Das Trio soll mit Millionenbeute geflohen sein.<\/p>\n","protected":false},"excerpt":{"rendered":"Im Prozess gegen die ehemalige RAF-Terroristin Daniela Klette wird der zweite Raub\u00fcberfall verhandelt. Ab dem Morgen (9 Uhr)&hellip;\n","protected":false},"author":2,"featured_media":198928,"comment_status":"","ping_status":"","sticky":false,"template":"","format":"standard","meta":{"footnotes":""},"categories":[1850],"tags":[6429,3364,29,40733,548,663,3934,7142,980,30,13,14,15,1411,12],"class_list":{"0":"post-198927","1":"post","2":"type-post","3":"status-publish","4":"format-standard","5":"has-post-thumbnail","7":"category-braunschweig","8":"tag-braunschweig","9":"tag-de","10":"tag-deutschland","11":"tag-eigentumsdelikte","12":"tag-eu","13":"tag-europa","14":"tag-europe","15":"tag-fahndung","16":"tag-festnahme","17":"tag-germany","18":"tag-headlines","19":"tag-nachrichten","20":"tag-news","21":"tag-niedersachsen","22":"tag-schlagzeilen"},"share_on_mastodon":{"url":"https:\/\/pubeurope.com\/@de\/114702066961969124","error":""},"_links":{"self":[{"href":"https:\/\/www.europesays.com\/de\/wp-json\/wp\/v2\/posts\/198927","targetHints":{"allow":["GET"]}}],"collection":[{"href":"https:\/\/www.europesays.com\/de\/wp-json\/wp\/v2\/posts"}],"about":[{"href":"https:\/\/www.europesays.com\/de\/wp-json\/wp\/v2\/types\/post"}],"author":[{"embeddable":true,"href":"https:\/\/www.europesays.com\/de\/wp-json\/wp\/v2\/users\/2"}],"replies":[{"embeddable":true,"href":"https:\/\/www.europesays.com\/de\/wp-json\/wp\/v2\/comments?post=198927"}],"version-history":[{"count":0,"href":"https:\/\/www.europesays.com\/de\/wp-json\/wp\/v2\/posts\/198927\/revisions"}],"wp:featuredmedia":[{"embeddable":true,"href":"https:\/\/www.europesays.com\/de\/wp-json\/wp\/v2\/media\/198928"}],"wp:attachment":[{"href":"https:\/\/www.europesays.com\/de\/wp-json\/wp\/v2\/media?parent=198927"}],"wp:term":[{"taxonomy":"category","embeddable":true,"href":"https:\/\/www.europesays.com\/de\/wp-json\/wp\/v2\/categories?post=198927"},{"taxonomy":"post_tag","embeddable":true,"href":"https:\/\/www.europesays.com\/de\/wp-json\/wp\/v2\/tags?post=198927"}],"curies":[{"name":"wp","href":"https:\/\/api.w.org\/{rel}","templated":true}]}}