{"id":199469,"date":"2025-06-18T07:45:11","date_gmt":"2025-06-18T07:45:11","guid":{"rendered":"https:\/\/www.europesays.com\/de\/199469\/"},"modified":"2025-06-18T07:45:11","modified_gmt":"2025-06-18T07:45:11","slug":"besondere-premiere-fuer-neue-freundin-von-queen-enkel","status":"publish","type":"post","link":"https:\/\/www.europesays.com\/de\/199469\/","title":{"rendered":"Besondere Premiere f\u00fcr neue Freundin von Queen-Enkel"},"content":{"rendered":"<p>Nach einem Jahr Beziehung <\/p>\n<p>Besondere Premiere f\u00fcr Freundin von Queen-Enkel Peter Phillips<\/p>\n<p>18.06.2025 &#8211; 08:22 UhrLesedauer: 2 Min.<\/p>\n<p><a href=\"#focus-0\" class=\"transition-colors duration-200 focus-within:text-magenta block text-current relative\" data-sctrack=\"FocusGalleryImage.Reference\"><img fetchpriority=\"high\" data-testid=\"Opener.Image\" style=\"--lqipURL:url('https:\/\/images.t-online.de\/2025\/06\/nBucoXeVE6YQ\/57x329:3712x2089\/fit-in\/150x0\/filters:blur(25)\/harriet-sperling-und-peter-phillips-die-beiden-besuchten-am-dienstag-gemeinsam-royal-ascot.jpg')\"   loading=\"eager\" src=\"https:\/\/www.europesays.com\/de\/wp-content\/uploads\/2025\/06\/harriet-sperling-und-peter-phillips-die-beiden-besuchten-am-dienstag-gemeinsam-royal-ascot.jpg\" alt=\"Harriet Sperling und Peter Phillips: Die beiden besuchten am Dienstag gemeinsam Royal Ascot.\" title=\"Harriet Sperling und Peter Phillips: Die beiden besuchten am Dienstag gemeinsam Royal Ascot.\" width=\"3712\" height=\"2089\" class=\"bg-[url:var(--lqipURL)] bg-cover bg-center flex h-full w-full max-w-full\" decoding=\"async\"\/><img style=\"--width:32;--height:32\" loading=\"lazy\" src=\"https:\/\/www.t-online.de\/s\/paper\/_next\/static\/media\/zoom-in.f7dae02f.svg\" alt=\"Vergr\u00f6\u00dfern des Bildes\" title=\"Vergr\u00f6\u00dfern des Bildes\" class=\"block h-[calc(var(--height)_\/_16_*_1rem)] w-[calc(var(--width)_\/_16_*_1rem)] max-w-none absolute bottom-8 right-8 rounded-4 bg-snow p-8\" decoding=\"async\"\/><\/a><\/p>\n<p>Harriet Sperling und Peter Phillips: Die beiden besuchten am Dienstag gemeinsam Royal Ascot. (Quelle: IMAGO\/Stephen Lock \/ i-Images)<\/p>\n<p class=\"font-bold text-18 leading-17\">Seit gut einem Jahr sind sie ein Paar. Jetzt nimmt Harriet Sperling an einem speziellen Event an der Seite ihres royalen Partners teil \u2013 und zugleich kommen Ger\u00fcchte auf.<\/p>\n<p class=\"text-18 leading-17\">Peter Phillips zeigte sich am Dienstag mit seiner Lebensgef\u00e4hrtin Harriet Sperling in einer Kutsche der royalen Prozession beim ersten Tag von Royal Ascot \u2013 und setzte damit ein deutliches Zeichen. Die Partnerin des \u00e4ltesten Enkels der 2022 verstorbenen Queen <a class=\"transition-colors duration-200 cursor-pointer text-inherit no-underline text-salemsfur md:hover:text-magenta md:hover:border-magenta md:focus:text-magenta border-current border-b border-solid break-words\" href=\"https:\/\/www.t-online.de\/themen\/queen-elizabeth-ii\/\" data-sctrack=\"BodyAnchor\" target=\"_blank\" rel=\"noopener\">Elizabeth II.<\/a> nahm zum ersten Mal an dieser traditionsreichen Zeremonie teil. Neben dem Paar sa\u00dfen Schriftsteller Anthony Horowitz und dessen Ehefrau.<\/p>\n<p class=\"text-18 leading-17\">Zwar war Harriet Sperling im Vorjahr ebenfalls beim Royal Ascot anwesend, war jedoch nicht bei der traditionellen Kutschfahrt dabei gewesen. Inzwischen scheint sie bestens in die Familie aufgenommen. Bilder zeigen, wie sich Sperling angeregt mit <a class=\"transition-colors duration-200 cursor-pointer text-inherit no-underline text-salemsfur md:hover:text-magenta md:hover:border-magenta md:focus:text-magenta border-current border-b border-solid break-words\" href=\"https:\/\/www.t-online.de\/themen\/prinzessin-anne\/\" data-sctrack=\"BodyAnchor\" target=\"_blank\" rel=\"noopener\">Prinzessin Anne<\/a> und Zara Tindall austauschte \u2013 Mutter und Schwester des 47-j\u00e4hrigen Peter Phillips. Tindall richtete Sperling sogar den Hut.<\/p>\n<p class=\"text-18 leading-17\">Sperling w\u00e4hlte f\u00fcr den Auftritt beim Royal Ascot ein cremefarbenes Ensemble \u2013 bestehend aus Jacke und Rock der britischen Marke Suzannah <a class=\"transition-colors duration-200 cursor-pointer text-inherit no-underline text-salemsfur md:hover:text-magenta md:hover:border-magenta md:focus:text-magenta border-current border-b border-solid break-words\" href=\"https:\/\/www.t-online.de\/themen\/london\/\" data-sctrack=\"BodyAnchor\" target=\"_blank\" rel=\"noopener\">London<\/a> \u2013, kombiniert mit beigefarbenen Schuhen und einer Art Strohhut mit Bl\u00fctenapplikation.<\/p>\n<p class=\"text-18 leading-17\">Dass Harriet Sperling Teil der royalen Kutschenprozession war, hat auch Spekulationen ausgel\u00f6st. So schrieb etwa &#8222;Tatler&#8220;: &#8222;Harriet Sperling sch\u00fcrt Ger\u00fcchte \u00fcber eine k\u00f6nigliche Verlobung, als sie mit Peter Phillips in Ascot ihr Deb\u00fct in der k\u00f6niglichen Kutsche gibt.&#8220; Offizielle Angaben dazu gibt es bisher nicht. Doch laut britischen Medien gelte die Beziehung des Paars als &#8222;ernst&#8220;. Phillips soll Sperling im vergangenen Sommer seiner Familie vorgestellt haben. Darunter auch <a class=\"transition-colors duration-200 cursor-pointer text-inherit no-underline text-salemsfur md:hover:text-magenta md:hover:border-magenta md:focus:text-magenta border-current border-b border-solid break-words\" href=\"https:\/\/www.t-online.de\/themen\/koenig-charles\/\" data-sctrack=\"BodyAnchor\" target=\"_blank\" rel=\"noopener\">K\u00f6nig Charles<\/a> III.<\/p>\n<p class=\"text-18 leading-17\">Harriet Sperling ist gelernte Kinderkrankenschwester und hat eine Tochter. Auch Peter Phillips hat zwei T\u00f6chter aus seiner fr\u00fcheren Ehe mit Autumn Kelly: Savannah und Isla. Philips war von 2008 bis zur Scheidung 2021 mit Kelly verheiratet. Danach war er mit Lindsay Wallace, von der er sich Anfang 2024 trennte, danach kam er mit Harriet Sperling zusammen.<\/p>\n","protected":false},"excerpt":{"rendered":"Nach einem Jahr Beziehung Besondere Premiere f\u00fcr Freundin von Queen-Enkel Peter Phillips 18.06.2025 &#8211; 08:22 UhrLesedauer: 2 Min.&hellip;\n","protected":false},"author":2,"featured_media":199470,"comment_status":"","ping_status":"","sticky":false,"template":"","format":"standard","meta":{"footnotes":""},"categories":[1776],"tags":[722,522,65439,65437,65440,1801,29,56851,214,30,65435,65436,23541,1802,3542,215,65438],"class_list":{"0":"post-199469","1":"post","2":"type-post","3":"status-publish","4":"format-standard","5":"has-post-thumbnail","7":"category-prominente","8":"tag-722","9":"tag-522","10":"tag-anthony-horowitz","11":"tag-ascot","12":"tag-autumn-kelly","13":"tag-celebrities","14":"tag-deutschland","15":"tag-elizabeth-ii","16":"tag-entertainment","17":"tag-germany","18":"tag-harriet-sperling","19":"tag-peter-phillips","20":"tag-prinzessin-anne","21":"tag-prominente","22":"tag-queen","23":"tag-unterhaltung","24":"tag-zara-tindall"},"share_on_mastodon":{"url":"https:\/\/pubeurope.com\/@de\/114703258544570947","error":""},"_links":{"self":[{"href":"https:\/\/www.europesays.com\/de\/wp-json\/wp\/v2\/posts\/199469","targetHints":{"allow":["GET"]}}],"collection":[{"href":"https:\/\/www.europesays.com\/de\/wp-json\/wp\/v2\/posts"}],"about":[{"href":"https:\/\/www.europesays.com\/de\/wp-json\/wp\/v2\/types\/post"}],"author":[{"embeddable":true,"href":"https:\/\/www.europesays.com\/de\/wp-json\/wp\/v2\/users\/2"}],"replies":[{"embeddable":true,"href":"https:\/\/www.europesays.com\/de\/wp-json\/wp\/v2\/comments?post=199469"}],"version-history":[{"count":0,"href":"https:\/\/www.europesays.com\/de\/wp-json\/wp\/v2\/posts\/199469\/revisions"}],"wp:featuredmedia":[{"embeddable":true,"href":"https:\/\/www.europesays.com\/de\/wp-json\/wp\/v2\/media\/199470"}],"wp:attachment":[{"href":"https:\/\/www.europesays.com\/de\/wp-json\/wp\/v2\/media?parent=199469"}],"wp:term":[{"taxonomy":"category","embeddable":true,"href":"https:\/\/www.europesays.com\/de\/wp-json\/wp\/v2\/categories?post=199469"},{"taxonomy":"post_tag","embeddable":true,"href":"https:\/\/www.europesays.com\/de\/wp-json\/wp\/v2\/tags?post=199469"}],"curies":[{"name":"wp","href":"https:\/\/api.w.org\/{rel}","templated":true}]}}