{"id":199911,"date":"2025-06-18T11:44:10","date_gmt":"2025-06-18T11:44:10","guid":{"rendered":"https:\/\/www.europesays.com\/de\/199911\/"},"modified":"2025-06-18T11:44:10","modified_gmt":"2025-06-18T11:44:10","slug":"berlin-nur-mit-vertrag-was-beim-ferienjob-wichtig-ist","status":"publish","type":"post","link":"https:\/\/www.europesays.com\/de\/199911\/","title":{"rendered":"Berlin | Nur mit Vertrag: Was beim Ferienjob wichtig ist"},"content":{"rendered":"<p class=\"bodytext\">Berlin (dpa\/tmn) &#8211; Um Arbeitserfahrung zu sammeln und erstes eigenes Geld zu verdienen: Sch\u00fclerinnen und Sch\u00fcler nutzen die Sommerferien gerne zum Jobben. Die Jugendorganisation des Deutschen Gewerkschaftsbunds (DGB Jugend) erkl\u00e4rt die wichtigsten <a href=\"https:\/\/jugend.dgb.de\/presse\/++co++d7b563b4-4b72-11f0-ac5a-73a497f0e3e8\" target=\"_blank\" class=\"externalLink\" rel=\"noopener\">Vorgaben<\/a> f\u00fcr Ferienarbeit:<\/p>\n<p>\u00a01. Vertrag:<\/p>\n<p>Sch\u00fclerinnen und Sch\u00fcler sollten nur mit g\u00fcltigem Vertrag in den Ferienjob starten. Der Arbeitsvertrag sollte vorab abgeschlossen werden und eindeutig festlegen, welche Aufgaben, Arbeitszeiten und welche Bezahlung vereinbart sind, empfiehlt DGB-Bundesjugendsekret\u00e4r Kristof Becker.<\/p>\n<p>2. T\u00e4tigkeiten:<\/p>\n<p>Gef\u00e4hrliche Arbeiten sind laut Becker f\u00fcr Kinder und Jugendliche unter 18 Jahren grunds\u00e4tzlich verboten. Wichtig ist das <a href=\"https:\/\/www.gesetze-im-internet.de\/jarbschg\/\" target=\"_blank\" class=\"externalLink\" rel=\"noopener\">Jugendarbeitsschutzgesetz<\/a>. Darin sind die genauen Bedingungen, unter denen Ferienarbeit erlaubt ist, festgelegt. Erlaubt sind demnach nur leichte T\u00e4tigkeiten. Infrage kommen etwa Gartenarbeit, Zeitungen austragen oder Boteng\u00e4nge.<\/p>\n<p>3. Arbeitszeiten:\u00a0<\/p>\n<p>Auch die Arbeitszeiten sind f\u00fcr Jugendliche klar geregelt. Vom 13. bis einschlie\u00dflich dem 14. Lebensjahr d\u00fcrfen Kinder grunds\u00e4tzlich nur mit Zustimmung der Eltern arbeiten. Und nur bis zu zwei Stunden am Tag &#8211; zwischen 8 und 18 Uhr. In der Landwirtschaft sind drei Stunden erlaubt.<\/p>\n<p>Jugendliche von 15 bis 17 Jahren d\u00fcrfen in den Ferien bis zu vier Wochen jobben. In dieser Zeit k\u00f6nnen sie zwischen 6 Uhr morgens und 20 Uhr abends arbeiten, aber nicht mehr als 8 Stunden am Tag und 40 Stunden pro Woche.<\/p>\n<p>F\u00fcr \u00e4ltere Sch\u00fclerinnen und Sch\u00fcler gibt es diverse Ausnahmereglungen: Wer bereits 16 Jahre alt ist, kann zum Beispiel in Gastst\u00e4tten auch bis 22 Uhr arbeiten.<\/p>\n<p>Auch die Pausen sind festgelegt. Wer noch unter 18 ist und mehr als 4,5 Stunden arbeitet, hat Anspruch auf mindestens 30 Minuten Pause. Bei mehr als 6 Stunden Arbeitszeit, m\u00fcssen die Pausen insgesamt mindestens 60 Minuten betragen.<\/p>\n<p>4. Verdienst:\u00a0<\/p>\n<p>Der Mindestlohn von 12,82 Euro brutto pro Stunde gilt grunds\u00e4tzlich auch f\u00fcr Ferienarbeit:\u00a0<\/p>\n<ul>\n<li>Anspruch haben jedoch nur Jugendliche ab 18 Jahren, wie der DGB erkl\u00e4rt. <\/li>\n<li>F\u00fcr Minderj\u00e4hrige ohne abgeschlossene Berufsausbildung gilt der Mindestlohn entsprechend nicht. <\/li>\n<li>Jugendliche unter 18 Jahren sollten dennoch darauf achten, dass die Bezahlung fair ausf\u00e4llt. <\/li>\n<li>Gibt es im Unternehmen zum Beispiel einen durch Gewerkschaften verhandelter\u00a0Tarifvertrag, m\u00fcsse der auch bei Minderj\u00e4hrigen angewendet werden, erkl\u00e4rt der DGB.<\/li>\n<\/ul>\n","protected":false},"excerpt":{"rendered":"Berlin (dpa\/tmn) &#8211; Um Arbeitserfahrung zu sammeln und erstes eigenes Geld zu verdienen: Sch\u00fclerinnen und Sch\u00fcler nutzen die&hellip;\n","protected":false},"author":2,"featured_media":199912,"comment_status":"","ping_status":"","sticky":false,"template":"","format":"standard","meta":{"footnotes":""},"categories":[1825],"tags":[1140,296,630,4941,29,4532,30,1942,1635,1009,2715,41875],"class_list":{"0":"post-199911","1":"post","2":"type-post","3":"status-publish","4":"format-standard","5":"has-post-thumbnail","7":"category-berlin","8":"tag-arbeit","9":"tag-berlin","10":"tag-beruf","11":"tag-cjab","12":"tag-deutschland","13":"tag-ferien","14":"tag-germany","15":"tag-job","16":"tag-jugend","17":"tag-recht","18":"tag-sommer","19":"tag-tmn0380"},"share_on_mastodon":{"url":"https:\/\/pubeurope.com\/@de\/114704198268900101","error":""},"_links":{"self":[{"href":"https:\/\/www.europesays.com\/de\/wp-json\/wp\/v2\/posts\/199911","targetHints":{"allow":["GET"]}}],"collection":[{"href":"https:\/\/www.europesays.com\/de\/wp-json\/wp\/v2\/posts"}],"about":[{"href":"https:\/\/www.europesays.com\/de\/wp-json\/wp\/v2\/types\/post"}],"author":[{"embeddable":true,"href":"https:\/\/www.europesays.com\/de\/wp-json\/wp\/v2\/users\/2"}],"replies":[{"embeddable":true,"href":"https:\/\/www.europesays.com\/de\/wp-json\/wp\/v2\/comments?post=199911"}],"version-history":[{"count":0,"href":"https:\/\/www.europesays.com\/de\/wp-json\/wp\/v2\/posts\/199911\/revisions"}],"wp:featuredmedia":[{"embeddable":true,"href":"https:\/\/www.europesays.com\/de\/wp-json\/wp\/v2\/media\/199912"}],"wp:attachment":[{"href":"https:\/\/www.europesays.com\/de\/wp-json\/wp\/v2\/media?parent=199911"}],"wp:term":[{"taxonomy":"category","embeddable":true,"href":"https:\/\/www.europesays.com\/de\/wp-json\/wp\/v2\/categories?post=199911"},{"taxonomy":"post_tag","embeddable":true,"href":"https:\/\/www.europesays.com\/de\/wp-json\/wp\/v2\/tags?post=199911"}],"curies":[{"name":"wp","href":"https:\/\/api.w.org\/{rel}","templated":true}]}}