{"id":199942,"date":"2025-06-18T12:02:10","date_gmt":"2025-06-18T12:02:10","guid":{"rendered":"https:\/\/www.europesays.com\/de\/199942\/"},"modified":"2025-06-18T12:02:10","modified_gmt":"2025-06-18T12:02:10","slug":"scheitert-sicherer-schulweg-am-denkmalschutz","status":"publish","type":"post","link":"https:\/\/www.europesays.com\/de\/199942\/","title":{"rendered":"Scheitert sicherer Schulweg am Denkmalschutz?"},"content":{"rendered":"<p class=\"bold\">\n\t\t\t\t\t\t\t\t\t\tTrotz allerlei Verbesserungen macht auf dem Ka\u00dfberg der Verkehr rund um die Grundschule Weststra\u00dfe vielen Eltern Sorgen. Dabei gibt es aus ihrer Sicht eine einfache L\u00f6sung.\t\t\t\t<\/p>\n<p>\t\t\t\t Auf dem Chemnitzer Ka\u00dfberg werden Eltern wom\u00f6glich auch im kommenden Schuljahr weiter auf einen sichereren Schulweg f\u00fcr ihre Kinder warten m\u00fcssen. \u00dcberlegungen, an der beliebten Grundschule Weststra\u00dfe einen zus\u00e4tzlichen Weg abseits der viel befahrenen Reichsstra\u00dfe anzulegen, kommen nur schleppend voran.<\/p>\n<p>\t\t<img decoding=\"async\" class=\"fp-plus-logo\" src=\"https:\/\/www.freiepresse.de\/img\/fpplus.svg\" alt=\"Freie Presse plus Logo\"\/><\/p>\n<p>Registrieren und testen.<\/p>\n<p>Jetzt mit Ihrer Registrierung 1 Monat gratis testen und alle Beitr\u00e4ge lesen.<\/p>\n<p>Schon Abonnent? Melden Sie sich mit ihren Zugangsdaten an.<\/p>\n","protected":false},"excerpt":{"rendered":"Trotz allerlei Verbesserungen macht auf dem Ka\u00dfberg der Verkehr rund um die Grundschule Weststra\u00dfe vielen Eltern Sorgen. Dabei&hellip;\n","protected":false},"author":2,"featured_media":199943,"comment_status":"","ping_status":"","sticky":false,"template":"","format":"standard","meta":{"footnotes":""},"categories":[1851],"tags":[4568,2770,3364,29,548,663,3934,30,13,14,15,859,12],"class_list":{"0":"post-199942","1":"post","2":"type-post","3":"status-publish","4":"format-standard","5":"has-post-thumbnail","7":"category-chemnitz","8":"tag-schulen","9":"tag-chemnitz","10":"tag-de","11":"tag-deutschland","12":"tag-eu","13":"tag-europa","14":"tag-europe","15":"tag-germany","16":"tag-headlines","17":"tag-nachrichten","18":"tag-news","19":"tag-sachsen","20":"tag-schlagzeilen"},"share_on_mastodon":{"url":"https:\/\/pubeurope.com\/@de\/114704269057908102","error":""},"_links":{"self":[{"href":"https:\/\/www.europesays.com\/de\/wp-json\/wp\/v2\/posts\/199942","targetHints":{"allow":["GET"]}}],"collection":[{"href":"https:\/\/www.europesays.com\/de\/wp-json\/wp\/v2\/posts"}],"about":[{"href":"https:\/\/www.europesays.com\/de\/wp-json\/wp\/v2\/types\/post"}],"author":[{"embeddable":true,"href":"https:\/\/www.europesays.com\/de\/wp-json\/wp\/v2\/users\/2"}],"replies":[{"embeddable":true,"href":"https:\/\/www.europesays.com\/de\/wp-json\/wp\/v2\/comments?post=199942"}],"version-history":[{"count":0,"href":"https:\/\/www.europesays.com\/de\/wp-json\/wp\/v2\/posts\/199942\/revisions"}],"wp:featuredmedia":[{"embeddable":true,"href":"https:\/\/www.europesays.com\/de\/wp-json\/wp\/v2\/media\/199943"}],"wp:attachment":[{"href":"https:\/\/www.europesays.com\/de\/wp-json\/wp\/v2\/media?parent=199942"}],"wp:term":[{"taxonomy":"category","embeddable":true,"href":"https:\/\/www.europesays.com\/de\/wp-json\/wp\/v2\/categories?post=199942"},{"taxonomy":"post_tag","embeddable":true,"href":"https:\/\/www.europesays.com\/de\/wp-json\/wp\/v2\/tags?post=199942"}],"curies":[{"name":"wp","href":"https:\/\/api.w.org\/{rel}","templated":true}]}}