{"id":199988,"date":"2025-06-18T12:28:12","date_gmt":"2025-06-18T12:28:12","guid":{"rendered":"https:\/\/www.europesays.com\/de\/199988\/"},"modified":"2025-06-18T12:28:12","modified_gmt":"2025-06-18T12:28:12","slug":"u21-em-deutschland-england-live-im-tv-und-livestream","status":"publish","type":"post","link":"https:\/\/www.europesays.com\/de\/199988\/","title":{"rendered":"U21-EM: Deutschland &#8211; England live im TV und Livestream"},"content":{"rendered":"<p>Follow us on:<\/p>\n<p>Die Deutsche U21-Nationalmannschaft spielt am 18. Juni 2025 im letzten Vorrundenspiel gegen England. Das DFB-Team ist in einer Gruppe mit England, Tschechien und Slowenien \u2013 und beide Mannschaften machen im letzten Gruppenspiel unter sich aus, wer der Gruppensieger wird.<\/p>\n<p>U21-EM: Deutschland &#8211; England live im TV und Livestream<\/p>\n<p>Der Anpfiff beim U21-Spiel zwischen Deutschland und England ist 21:00 Uhr. Der Free-TV Sender Sat1 \u00fcbertr\u00e4gt das Spiel ab 20:15 live im TV. Im Livestream kann man das Spiel bei ran.de oder auf der Streamingplattform Joyn schauen.\u00a0<\/p>\n<p>Die weiteren Spiele seht Ihr bei ProSieben MAXX oder im Livestream ebenfalls auf ran.de oder Joyn. Ab 18.00 Uhr spielen D\u00e4nemark gegen Finnland sowie die Niederlande gegen die Ukraine. 21.00 Uhr spielt noch Tschechien gegen Slowenien.\u00a0<\/p>\n<p>Deutschland hat sich bereits vor dem Topspiel gegen England f\u00fcr die n\u00e4chste Runde qualifiziert. Das DFB-Team gewann bei zwei \u00fcberzeugenden Auftritten gegen Slowenien (3:0) und Tschechien (4:2).<\/p>\n<p>England ist ebenfalls bereits qualifiziert, dennoch ist das Spiel nicht uninteressant f\u00fcr beide Mannschaften. Der Gewinner des Duells sichert sich den Gruppensieg und spielt somit im Viertelfinale gegen einen der Gruppen-Zweitplatzierten.\u00a0<\/p>\n<p>Sports Illustrated-Chefredakteurs Newsletter<\/p>\n<p>Mit dem <a href=\"https:\/\/www.sportsillustrated.de\/newsletter\/?utm_source=si&amp;utm_medium=website&amp;utm_campaign=newsletter_button\" target=\"_blank\" rel=\"noopener\"><strong>Sports Illustrated-Chefredakteurs Newsletter<\/strong><\/a> erhalten Sie aktuelle Sport-News, Hintergr\u00fcnde und Interviews aus der <a href=\"https:\/\/www.sportsillustrated.de\/football\/nfl\" target=\"_blank\" rel=\"noopener\"><strong>NFL<\/strong><\/a>, der <a href=\"https:\/\/www.sportsillustrated.de\/basketball\/nba\" target=\"_blank\" rel=\"noopener\"><strong>NBA<\/strong><\/a>, der <a href=\"https:\/\/www.sportsillustrated.de\/fussball\/1-bundesliga\" target=\"_blank\" rel=\"noopener\"><strong>Fu\u00dfball-Bundesliga<\/strong><\/a>, der <a href=\"https:\/\/www.sportsillustrated.de\/formel-1\" target=\"_blank\" rel=\"noopener\"><strong>Formel 1<\/strong><\/a> und <a href=\"https:\/\/www.sportsillustrated.de\/mehr-sport\" target=\"_blank\" rel=\"noopener\"><strong>vieles mehr.<\/strong><\/a><\/p>\n<p><a aria-label=\"Sports Illustrated-Chefredakteurs Newsletter abonnieren und keine Sport-News verpassen\" class=\"button\" href=\"https:\/\/www.sportsillustrated.de\/newsletter\/?utm_source=si&amp;utm_medium=website&amp;utm_campaign=newsletter_button\" target=\"_blank\" rel=\"noopener\">NEWSLETTER ABONNIEREN<\/a>\u00a0<\/p>\n<p>\u00a0Mehr Sport-News<\/p>\n<p>Zehn Jahre nach dem schweren Skiunfall von Michael Schumacher am 29. Dezember 2013 fragen sich alle Formel-1-Fans weiterhin, wie es ihrem Idol geht. Schumacher-Anwalt\u00a0Felix Damm erkl\u00e4rt, warum es keine Nachrichten zum Gesundheitszustand von Schumi gibt.<\/p>\n<p><img loading=\"lazy\" decoding=\"async\" alt=\"\" height=\"1\" src=\"https:\/\/www.europesays.com\/de\/wp-content\/uploads\/2025\/06\/f3fad01234604d3ebe0d8aaf2dd6697c.gif\" width=\"1\"\/>Fu\u00dfball-Fans aufgepasst! Der Pay-TV-Sender Sky erh\u00f6ht seine Preise. Das teilte der Anbieter in einer Mail am Dienstag mit. Demnach m\u00fcssen Sky-Sport-Abonnenten in Zukunft tiefer in die Tasche greifen, wenn sie Fu\u00dfball sehen wollen.<\/p>\n<p>Mit ihrem epischen Match im French-Open-Finale 2025 sicherten sich Jannik Sinner und Carlos Alcaraz einen Platz im Sports-Illustrated-Ranking der zehn gr\u00f6\u00dften Tennismatches aller Zeiten.<\/p>\n","protected":false},"excerpt":{"rendered":"Follow us on: Die Deutsche U21-Nationalmannschaft spielt am 18. Juni 2025 im letzten Vorrundenspiel gegen England. Das DFB-Team&hellip;\n","protected":false},"author":2,"featured_media":199989,"comment_status":"","ping_status":"","sticky":false,"template":"","format":"standard","meta":{"footnotes":""},"categories":[2],"tags":[331,3924,332,3922,3364,29,3058,9151,347,30,13,65563,9150,14,3923,15,3921,12,43735],"class_list":{"0":"post-199988","1":"post","2":"type-post","3":"status-publish","4":"format-standard","5":"has-post-thumbnail","7":"category-deutschland","8":"tag-aktuelle-nachrichten","9":"tag-aktuelle-nachrichten-aus-deutschland","10":"tag-aktuelle-news","11":"tag-aktuelle-news-aus-deutschland","12":"tag-de","13":"tag-deutschland","14":"tag-england","15":"tag-free-tv","16":"tag-fussball","17":"tag-germany","18":"tag-headlines","19":"tag-live-im-tv","20":"tag-livestream","21":"tag-nachrichten","22":"tag-nachrichten-aus-deutschland","23":"tag-news","24":"tag-news-aus-deutschland","25":"tag-schlagzeilen","26":"tag-u21-em"},"share_on_mastodon":{"url":"https:\/\/pubeurope.com\/@de\/114704371138555237","error":""},"_links":{"self":[{"href":"https:\/\/www.europesays.com\/de\/wp-json\/wp\/v2\/posts\/199988","targetHints":{"allow":["GET"]}}],"collection":[{"href":"https:\/\/www.europesays.com\/de\/wp-json\/wp\/v2\/posts"}],"about":[{"href":"https:\/\/www.europesays.com\/de\/wp-json\/wp\/v2\/types\/post"}],"author":[{"embeddable":true,"href":"https:\/\/www.europesays.com\/de\/wp-json\/wp\/v2\/users\/2"}],"replies":[{"embeddable":true,"href":"https:\/\/www.europesays.com\/de\/wp-json\/wp\/v2\/comments?post=199988"}],"version-history":[{"count":0,"href":"https:\/\/www.europesays.com\/de\/wp-json\/wp\/v2\/posts\/199988\/revisions"}],"wp:featuredmedia":[{"embeddable":true,"href":"https:\/\/www.europesays.com\/de\/wp-json\/wp\/v2\/media\/199989"}],"wp:attachment":[{"href":"https:\/\/www.europesays.com\/de\/wp-json\/wp\/v2\/media?parent=199988"}],"wp:term":[{"taxonomy":"category","embeddable":true,"href":"https:\/\/www.europesays.com\/de\/wp-json\/wp\/v2\/categories?post=199988"},{"taxonomy":"post_tag","embeddable":true,"href":"https:\/\/www.europesays.com\/de\/wp-json\/wp\/v2\/tags?post=199988"}],"curies":[{"name":"wp","href":"https:\/\/api.w.org\/{rel}","templated":true}]}}