{"id":200012,"date":"2025-06-18T12:41:10","date_gmt":"2025-06-18T12:41:10","guid":{"rendered":"https:\/\/www.europesays.com\/de\/200012\/"},"modified":"2025-06-18T12:41:10","modified_gmt":"2025-06-18T12:41:10","slug":"finale-der-liesborner-museumskonzerte-eine-nacht-in-der-oper-und-liesborner-debuet-am-wochenende","status":"publish","type":"post","link":"https:\/\/www.europesays.com\/de\/200012\/","title":{"rendered":"Finale der Liesborner Museumskonzerte: Eine Nacht in der Oper und &#8222;Liesborner Deb\u00fct&#8220; am Wochenende"},"content":{"rendered":"<p><strong>Liesborn (mw). <\/strong>Am kommenden Wochenende (Samstag, 21. Juni 2025 um 19 Uhr) steht das letzte Konzert des Kammermusikfestivals der Liesborner Museumskonzerte im Museum Abtei Liesborn an. Dazu wurde das ber\u00fchmte Trio Charolca eingeladen, die das Publikum mit \u201ea night at the opera\u201c vom Museum in die Welt der Oper f\u00fchrt. Vor dem Abendkonzert wird in der Konzerteinf\u00fchrung um 18:15 Uhr \u00fcber das musikalische Programm gesprochen.<\/p>\n<p>Das ungew\u00f6hnliche Trio rund um Fl\u00f6te (Anne-Cath\u00e9rine Heinzmann), Viola (Roland Glassl) und Harfe (Andreas Mildner) besteht schon seit 20 Jahren und besticht durch diese Besetzung in einem ungew\u00f6hnlichen Reichtum an Klangfarben, der durch die Verschiedenheit der einzelnen Instrumente und deren Verschmelzung entsteht. Im Laufe der Zeit haben sie ein umfangreiches Repertoire erarbeitet, das Originalkompositionen, Bearbeitungen geeigneter \u00e4lterer Werke sowie zeitgen\u00f6ssische St\u00fccke umfasst. Inzwischen ist das Trio Charolca auf zahlreichen Konzertpodien aufgetreten und profiliert sich zunehmend als herausragendes Ensemble seiner Gattung. Das Interesse an zeitgen\u00f6ssischer Musik sowie die Begeisterung f\u00fcr neue klangliche M\u00f6glichkeiten bilden das Fundament ihrer kontrastreich und intelligent gestalteten Programme.<\/p>\n<p>Im Konzertprogramm pr\u00e4sentiert das Trio zun\u00e4chst das Vorspiel aus Humperdincks Oper \u201eH\u00e4nsel und Gretel\u201c. Das Programm h\u00e4lt weitere Klassiker bereit \u2013 darunter eine Introduktion und Variation \u00fcber ein Thema aus Bellinis Norma sowie eine brillante Fantasie f\u00fcr Fl\u00f6te und Harfe nach Motiven aus Bizets Carmen. Die zweite H\u00e4lfte wird eingeleitet durch Puccinis \u201eLe donne di Puccini\u201c, das sich mit den Frauen aus Puccinis Opern besch\u00e4ftigt. Es folgt \u201eArmidas Zauberreich\u201c aus Rossinis Oper \u201eArmida\u201c. Abschluss des Abends bildet eine Fantasie \u00fcber ein Thema aus Mozarts Don Giovanni f\u00fcr Viola und Harfe von Johann Nepomuk Hummel und Verdis bekannter Oper \u201eLa Traviata\u201c mit einem Preludio und Libiam de`lieti calici.<\/p>\n<p>Werbung<\/p>\n<p><a data-bid=\"1\" data-no-instant=\"1\" href=\"https:\/\/www.mein-wadersloh.de\/linkout\/98450\" rel=\"noopener\" class=\"notrack\" target=\"_blank\" aria-label=\"Gemeinde_ToT_Grundschulen_2025_Adv\"><img loading=\"lazy\" decoding=\"async\" src=\"https:\/\/www.europesays.com\/de\/wp-content\/uploads\/2025\/06\/Gemeinde_ToT_Grundschulen_2025_Adv.png\" alt=\"\"   width=\"300\" height=\"250\" style=\"display: inline-block; max-width: 100%; height: auto;\"\/><\/a><\/p>\n<p>Einen Tag sp\u00e4ter, am Sonntag, dem 22. Juni 2025 um 11 Uhr, wird das Festival mit dem Liesborner Deb\u00fct festlich abgeschlossen: Die Preistr\u00e4ger:innen des Landes- und Bundeswettbewerbs \u201eJugend musiziert 2025\u201c pr\u00e4sentieren ein abwechslungsreiches Programm. Moderiert wird die Veranstaltung von Musikvermittlerin Clara H\u00fctterott, die Schirmherrschaft \u00fcber diese besondere Veranstaltung hat Landrat Dr. Olaf Gericke inne.<\/p>\n<p><strong>Tickets<\/strong><\/p>\n<p class=\"has-very-light-gray-background-color has-background\"><strong>Verkauf \u00fcber die Plattform Reservix auf der Website der Liesborner Museumskonzerte: <a href=\"https:\/\/abteikonzerte.reservix.de\/events\" target=\"_blank\" rel=\"noreferrer noopener\">https:\/\/abteikonzerte.reservix.de\/events<\/a> | Weitere Karten sind au\u00dferdem nach Verf\u00fcgbarkeit an der Abendkasse erh\u00e4ltlich.<\/strong><\/p>\n<p class=\"has-text-align-center\">Quelle: Liesborner Museumskonzerte, Foto: Trio Charolca<\/p>\n","protected":false},"excerpt":{"rendered":"Liesborn (mw). Am kommenden Wochenende (Samstag, 21. Juni 2025 um 19 Uhr) steht das letzte Konzert des Kammermusikfestivals&hellip;\n","protected":false},"author":2,"featured_media":200013,"comment_status":"","ping_status":"","sticky":false,"template":"","format":"standard","meta":{"footnotes":""},"categories":[1834],"tags":[3364,29,3688,30,65570,46591,1209],"class_list":{"0":"post-200012","1":"post","2":"type-post","3":"status-publish","4":"format-standard","5":"has-post-thumbnail","7":"category-essen","8":"tag-de","9":"tag-deutschland","10":"tag-essen","11":"tag-germany","12":"tag-liesborner-debuet","13":"tag-liesborner-museumskonzerte","14":"tag-nordrhein-westfalen"},"share_on_mastodon":{"url":"https:\/\/pubeurope.com\/@de\/114704422303663031","error":""},"_links":{"self":[{"href":"https:\/\/www.europesays.com\/de\/wp-json\/wp\/v2\/posts\/200012","targetHints":{"allow":["GET"]}}],"collection":[{"href":"https:\/\/www.europesays.com\/de\/wp-json\/wp\/v2\/posts"}],"about":[{"href":"https:\/\/www.europesays.com\/de\/wp-json\/wp\/v2\/types\/post"}],"author":[{"embeddable":true,"href":"https:\/\/www.europesays.com\/de\/wp-json\/wp\/v2\/users\/2"}],"replies":[{"embeddable":true,"href":"https:\/\/www.europesays.com\/de\/wp-json\/wp\/v2\/comments?post=200012"}],"version-history":[{"count":0,"href":"https:\/\/www.europesays.com\/de\/wp-json\/wp\/v2\/posts\/200012\/revisions"}],"wp:featuredmedia":[{"embeddable":true,"href":"https:\/\/www.europesays.com\/de\/wp-json\/wp\/v2\/media\/200013"}],"wp:attachment":[{"href":"https:\/\/www.europesays.com\/de\/wp-json\/wp\/v2\/media?parent=200012"}],"wp:term":[{"taxonomy":"category","embeddable":true,"href":"https:\/\/www.europesays.com\/de\/wp-json\/wp\/v2\/categories?post=200012"},{"taxonomy":"post_tag","embeddable":true,"href":"https:\/\/www.europesays.com\/de\/wp-json\/wp\/v2\/tags?post=200012"}],"curies":[{"name":"wp","href":"https:\/\/api.w.org\/{rel}","templated":true}]}}