{"id":200336,"date":"2025-06-18T15:34:15","date_gmt":"2025-06-18T15:34:15","guid":{"rendered":"https:\/\/www.europesays.com\/de\/200336\/"},"modified":"2025-06-18T15:34:15","modified_gmt":"2025-06-18T15:34:15","slug":"keine-party-mehr-auf-der-uniwiese","status":"publish","type":"post","link":"https:\/\/www.europesays.com\/de\/200336\/","title":{"rendered":"Keine Party mehr auf der Uniwiese"},"content":{"rendered":"<p>Neue Regelungen <\/p>\n<p>Karneval: Keine Party mehr auf der Uniwiese<\/p>\n<p>18.06.2025 &#8211; 17:17 UhrLesedauer: 2 Min.<\/p>\n<p><a href=\"#focus-0\" class=\"transition-colors duration-200 focus-within:text-magenta block text-current relative\" data-sctrack=\"FocusGalleryImage.Reference\"><img fetchpriority=\"high\" data-testid=\"Opener.Image\" style=\"--lqipURL:url('https:\/\/images.t-online.de\/2025\/06\/46oc1JbWnMwQ\/0x209:4000x2250\/fit-in\/150x0\/filters:blur(25)\/karnevalsauftakt-in-koeln-im-kwartier-lataeng-der-zuelpicher-strasse-im-studentenviertel-und-auf-den-umliegenden-wiesen-des-inneren-gruenguertels-feiern-verkleidete-jecken-und-karnevalisten-in-kostuemen-den-beginn-der-heissen-phase-des-koelner-karneval-mit-dem-elften-elften-und-dem-startschuss-um-elf-uhr-elf-das-viertel-ist-oft-an-karneval-ueberfuellt-im-bild-feiernde-im-inneren-gruenguertel-koeln-11-112023-nrw-deutschland-carnival-kick-off-in-cologne-in-kwartier-lataeng-zuelpicher-strasse-in-the-student-quarter.jpg')\"   loading=\"eager\" src=\"https:\/\/www.europesays.com\/de\/wp-content\/uploads\/2025\/06\/karnevalsauftakt-in-koeln-im-kwartier-lataeng-der-zuelpicher-strasse-im-studentenviertel-und-auf-den.jpeg\" alt=\"imago images 0338791485\" title=\"imago images 0338791485\" width=\"4000\" height=\"2250\" class=\"bg-[url:var(--lqipURL)] bg-cover bg-center flex h-full w-full max-w-full\" decoding=\"async\"\/><img style=\"--width:32;--height:32\" loading=\"lazy\" src=\"https:\/\/www.t-online.de\/s\/paper\/_next\/static\/media\/zoom-in.f7dae02f.svg\" alt=\"Vergr\u00f6\u00dfern des Bildes\" title=\"Vergr\u00f6\u00dfern des Bildes\" class=\"block h-[calc(var(--height)_\/_16_*_1rem)] w-[calc(var(--width)_\/_16_*_1rem)] max-w-none absolute bottom-8 right-8 rounded-4 bg-snow p-8\" decoding=\"async\"\/><\/a><\/p>\n<p>Karnevalsauftakt in K\u00f6ln (Archivbild): Teile des Inneren Gr\u00fcng\u00fcrtels sollen k\u00fcnftig abgesperrt werden. (Quelle: IMAGO\/Christoph Hardt\/imago)<\/p>\n<p class=\"font-bold text-18 leading-17\">Die Uniwiese wurde von der Stadt lange als sogenannte Ausweichfl\u00e4che f\u00fcr Karnevalisten im Kwartier Lat\u00e4ng genutzt. In Zukunft soll die Fl\u00e4che deutlich verkleinert und Feiern verboten werden.<\/p>\n<p class=\"text-18 leading-17\">Die Stadt <a class=\"transition-colors duration-200 cursor-pointer text-inherit no-underline text-salemsfur md:hover:text-magenta md:hover:border-magenta md:focus:text-magenta border-current border-b border-solid break-words\" href=\"https:\/\/www.t-online.de\/region\/koeln\/\" data-sctrack=\"BodyAnchor\" rel=\"nofollow noopener\" target=\"_blank\">K\u00f6ln<\/a> will am 11. November 2025 und im Stra\u00dfenkarneval 2026 erneut einen Teil der Uniwiese zwischen Luxemburger Stra\u00dfe und Bachemer Stra\u00dfe als Ausweichfl\u00e4che nutzen. Wie die Stadtverwaltung mitteilte, soll die Fl\u00e4che im Vergleich zu den Vorjahren jedoch deutlich verkleinert werden.<\/p>\n<p class=\"text-18 leading-17\">Zum &#8222;Elften im Elften&#8220; 2025 ist nur etwa die H\u00e4lfte und im Stra\u00dfenkarneval 2026 lediglich rund ein Drittel der bisher genutzten Fl\u00e4che vorgesehen. Die Nutzung erfolgt ausschlie\u00dflich zur Lenkung und Entzerrung der Personenstr\u00f6me. Ein Verweilen oder Feiern auf der Wiese wird nicht erlaubt sein, wie es in einer Mitteilung hei\u00dft.<\/p>\n<p class=\"text-18 leading-17\">Da die Uniwiese im Landschaftsschutzgebiet &#8222;Innerer Gr\u00fcng\u00fcrtel&#8220; liegt, habe die Verwaltung bei der Unteren Naturschutzbeh\u00f6rde eine Befreiung nach dem Bundesnaturschutzgesetz beantragt. Zum Schutz des Rasens sollen in den genutzten Bereichen Abdeckplatten verlegt werden. Der nicht genutzte Teil der Wiese werde eingez\u00e4unt, um Gr\u00fcnfl\u00e4chen, B\u00e4ume und Tiere zu schonen.<\/p>\n<p class=\"text-18 leading-17\">Wie bereits in der vergangenen Session wird auf Alkoholausschank und Musik verzichtet. Auch das Glasverbot gilt weiterhin und wird von der Stadt kontrolliert.<\/p>\n<p class=\"text-18 leading-17\">Die Suche nach alternativen Fl\u00e4chen f\u00fcr feiernde Karnevalisten wurde 2024 nach Angaben der Stadtverwaltung intensiviert. Sowohl am 11.11.2024 als auch im Stra\u00dfenkarneval 2025 zeigte sich demnach ein deutlicher R\u00fcckgang der Feiernden im Kwartier Lat\u00e4ng.<\/p>\n<p class=\"text-18 leading-17\">Die Erschlie\u00dfung anderer Fl\u00e4chen sei nach Bewertung der Sicherheitspartner nicht mehr notwendig. Die Stadt sieht die schrittweise Reduzierung der genutzten Uniwiesenfl\u00e4che als Weg, den Eingriff in das Landschaftsschutzgebiet langfristig zu vermeiden.<\/p>\n","protected":false},"excerpt":{"rendered":"Neue Regelungen Karneval: Keine Party mehr auf der Uniwiese 18.06.2025 &#8211; 17:17 UhrLesedauer: 2 Min. Karnevalsauftakt in K\u00f6ln&hellip;\n","protected":false},"author":2,"featured_media":200337,"comment_status":"","ping_status":"","sticky":false,"template":"","format":"standard","meta":{"footnotes":""},"categories":[1828],"tags":[13204,722,17161,37477,29,30,65677,65675,1420,34126,1209,65676,65674],"class_list":{"0":"post-200336","1":"post","2":"type-post","3":"status-publish","4":"format-standard","5":"has-post-thumbnail","7":"category-koeln","8":"tag-karneval","9":"tag-722","10":"tag-17161","11":"tag-ausweichflaeche","12":"tag-deutschland","13":"tag-germany","14":"tag-gruenguertel","15":"tag-karnevalsauftakt","16":"tag-koeln","17":"tag-luxemburger-strasse","18":"tag-nordrhein-westfalen","19":"tag-strassenkarneval","20":"tag-uniwiese"},"share_on_mastodon":{"url":"https:\/\/pubeurope.com\/@de\/114705102628714328","error":""},"_links":{"self":[{"href":"https:\/\/www.europesays.com\/de\/wp-json\/wp\/v2\/posts\/200336","targetHints":{"allow":["GET"]}}],"collection":[{"href":"https:\/\/www.europesays.com\/de\/wp-json\/wp\/v2\/posts"}],"about":[{"href":"https:\/\/www.europesays.com\/de\/wp-json\/wp\/v2\/types\/post"}],"author":[{"embeddable":true,"href":"https:\/\/www.europesays.com\/de\/wp-json\/wp\/v2\/users\/2"}],"replies":[{"embeddable":true,"href":"https:\/\/www.europesays.com\/de\/wp-json\/wp\/v2\/comments?post=200336"}],"version-history":[{"count":0,"href":"https:\/\/www.europesays.com\/de\/wp-json\/wp\/v2\/posts\/200336\/revisions"}],"wp:featuredmedia":[{"embeddable":true,"href":"https:\/\/www.europesays.com\/de\/wp-json\/wp\/v2\/media\/200337"}],"wp:attachment":[{"href":"https:\/\/www.europesays.com\/de\/wp-json\/wp\/v2\/media?parent=200336"}],"wp:term":[{"taxonomy":"category","embeddable":true,"href":"https:\/\/www.europesays.com\/de\/wp-json\/wp\/v2\/categories?post=200336"},{"taxonomy":"post_tag","embeddable":true,"href":"https:\/\/www.europesays.com\/de\/wp-json\/wp\/v2\/tags?post=200336"}],"curies":[{"name":"wp","href":"https:\/\/api.w.org\/{rel}","templated":true}]}}