{"id":200881,"date":"2025-06-18T20:32:09","date_gmt":"2025-06-18T20:32:09","guid":{"rendered":"https:\/\/www.europesays.com\/de\/200881\/"},"modified":"2025-06-18T20:32:09","modified_gmt":"2025-06-18T20:32:09","slug":"lost-place-zoo-zajac-in-duisburg-unglaublich-wie-es-jetzt-hier-aussieht-6","status":"publish","type":"post","link":"https:\/\/www.europesays.com\/de\/200881\/","title":{"rendered":"Lost Place Zoo Zajac in Duisburg \u2013 unglaublich, wie es jetzt hier aussieht"},"content":{"rendered":"<p>Nach der j\u00fcngsten Insolvenz von Zoo Zajac und dem anschlie\u00dfenden Abverkauf des verbliebenen Bestands im M\u00e4rz dieses Jahres (<a href=\"https:\/\/www.derwesten.de\/staedte\/duisburg\/zoo-zajac-abverkauf-ende-aufnahmen-id301579264.html\" rel=\"nofollow noopener\" target=\"_blank\">mehr dazu hier &gt;&gt;&gt;<\/a>) waren die Verantwortlichen noch einmal vor Ort in Duisburg, um das Gesch\u00e4ft abzuwickeln.<\/p>\n<p>Heute gleicht die zoologische Fachhandlung beinahe einem Lost Place \u2013 ein trauriges Bild. Doch ein Mitarbeiter gew\u00e4hrt jetzt exklusive Einblicke hinter die Kulissen \u2013 der Anblick l\u00f6st pure Trauer aus.<\/p>\n<p>Zoo Zajac in Duisburg: Einblick hinter die Kulissen schockt<\/p>\n<p>In Duisburg endet ein St\u00fcck Einzelhandelsgeschichte: Zoo Zajac, einst der gr\u00f6\u00dfte Zoofachhandel der Welt, steht endg\u00fcltig vor dem Aus. Nach der Insolvenz und dem Abverkauf im M\u00e4rz haben die Verantwortlichen das leerstehende Geb\u00e4ude noch einmal besucht, um die Abwicklung abzuschlie\u00dfen (<a href=\"https:\/\/www.derwesten.de\/staedte\/duisburg\/zoo-zajac-duisburg-geschlossen-video-id301618377.html\" target=\"_blank\" rel=\"noreferrer noopener nofollow\">mehr dazu hier &gt;&gt;&gt;<\/a>). <\/p>\n<p>Vom lebendigen Treiben fr\u00fcherer Tage ist nichts geblieben \u2013 stattdessen zeigt sich ein trauriger Anblick: leere Hallen, verlassene Verkaufsfl\u00e4chen und erste Spuren von Vandalismus. Jetzt gew\u00e4hrt ein Verantwortlicher erneut Einblicke in das ehemalige zoologische Fachgesch\u00e4ft. <\/p>\n<p>++ <a href=\"https:\/\/www.derwesten.de\/staedte\/duisburg\/zoo-zajac-bilder-duisburg-schliessung-abriss-id301603181.html\" target=\"_blank\" rel=\"noreferrer noopener nofollow\">Zoo Zajac: Diese Bilder lassen das Schlimmste erahnen \u2013 \u201eEs tut schon weh\u201c<\/a> ++<\/p>\n<p>Mittlerweile sind die Abbauarbeiten in Duisburg in vollem Gange. Kein Wunder, dass der Mann betont: \u201eIch kann mir vorstellen, dass es eine riesige Aufgabe ist, all das abzubauen. Es muss alles verladen werden, damit es heil bleibt und in einem anderen Zoofachgesch\u00e4ft zum Teil oder vielleicht sogar ganz wieder aufgebaut werden kann.\u201c<\/p>\n<p>Kurz darauf wird er ganz emotional: \u201eWahnsinn. Das wird f\u00fcr mich wahrscheinlich der letzte Gang durch die G\u00e4nge sein.\u201c Mit bedr\u00fcckter Stimme f\u00e4hrt er fort: \u201eEs ist traurig, wenn ich daran denke, wie das Leben hier fr\u00fcher getobt hat.\u201c<\/p>\n<p>Tier-Fans sind entsetzt: \u201eEs bricht mir das Herz\u201c<\/p>\n<p>Auch die Fans sind von dem Zoo-Aus in Duisburg tief betroffen, so postet eine traurige Userin: \u201eEinfach nur schrecklich. Ein Lebenswerk ist zerst\u00f6rt, welches mit so viel Liebe und Leidenschaft aufgebaut wurde.\u201c Ein anderer User ist ebenfalls entsetzt: \u201eEs tut weh, wenn man sieht, was \u00fcbrig geblieben ist.\u201c Ein weiterer Nutzer postet: \u201eEs bricht mir das Herz.\u201c <\/p>\n<p>Mehr News aus Duisburg:<\/p>\n<p>Dich interessiert, was mit den Tieren aus der zoologischen Tierhandlung in Duisburg passiert ist?\u00a0<strong><a href=\"https:\/\/www.derwesten.de\/staedte\/duisburg\/zoo-zajac-duisburg-tiere-abverkauf-tieren-id301374370.html\" rel=\"nofollow noopener\" target=\"_blank\">HIER<\/a><\/strong>\u00a0kannst du mehr dazu erfahren.<\/p>\n","protected":false},"excerpt":{"rendered":"Nach der j\u00fcngsten Insolvenz von Zoo Zajac und dem anschlie\u00dfenden Abverkauf des verbliebenen Bestands im M\u00e4rz dieses Jahres&hellip;\n","protected":false},"author":2,"featured_media":176746,"comment_status":"","ping_status":"","sticky":false,"template":"","format":"standard","meta":{"footnotes":""},"categories":[1838],"tags":[3364,29,3715,30,1209],"class_list":{"0":"post-200881","1":"post","2":"type-post","3":"status-publish","4":"format-standard","5":"has-post-thumbnail","7":"category-duisburg","8":"tag-de","9":"tag-deutschland","10":"tag-duisburg","11":"tag-germany","12":"tag-nordrhein-westfalen"},"share_on_mastodon":{"url":"https:\/\/pubeurope.com\/@de\/114706274574288743","error":""},"_links":{"self":[{"href":"https:\/\/www.europesays.com\/de\/wp-json\/wp\/v2\/posts\/200881","targetHints":{"allow":["GET"]}}],"collection":[{"href":"https:\/\/www.europesays.com\/de\/wp-json\/wp\/v2\/posts"}],"about":[{"href":"https:\/\/www.europesays.com\/de\/wp-json\/wp\/v2\/types\/post"}],"author":[{"embeddable":true,"href":"https:\/\/www.europesays.com\/de\/wp-json\/wp\/v2\/users\/2"}],"replies":[{"embeddable":true,"href":"https:\/\/www.europesays.com\/de\/wp-json\/wp\/v2\/comments?post=200881"}],"version-history":[{"count":0,"href":"https:\/\/www.europesays.com\/de\/wp-json\/wp\/v2\/posts\/200881\/revisions"}],"wp:featuredmedia":[{"embeddable":true,"href":"https:\/\/www.europesays.com\/de\/wp-json\/wp\/v2\/media\/176746"}],"wp:attachment":[{"href":"https:\/\/www.europesays.com\/de\/wp-json\/wp\/v2\/media?parent=200881"}],"wp:term":[{"taxonomy":"category","embeddable":true,"href":"https:\/\/www.europesays.com\/de\/wp-json\/wp\/v2\/categories?post=200881"},{"taxonomy":"post_tag","embeddable":true,"href":"https:\/\/www.europesays.com\/de\/wp-json\/wp\/v2\/tags?post=200881"}],"curies":[{"name":"wp","href":"https:\/\/api.w.org\/{rel}","templated":true}]}}