{"id":20101,"date":"2025-04-10T05:39:18","date_gmt":"2025-04-10T05:39:18","guid":{"rendered":"https:\/\/www.europesays.com\/de\/20101\/"},"modified":"2025-04-10T05:39:18","modified_gmt":"2025-04-10T05:39:18","slug":"bremen-verbietet-lachgas-fuer-jugendliche-hohe-bussgelder-drohen","status":"publish","type":"post","link":"https:\/\/www.europesays.com\/de\/20101\/","title":{"rendered":"Bremen verbietet Lachgas f\u00fcr Jugendliche \u2013 hohe Bu\u00dfgelder drohen"},"content":{"rendered":"<p>Hohe Bu\u00dfgelder drohen <\/p>\n<p>Bremen verbietet Lachgas f\u00fcr Jugendliche<\/p>\n<p>08.04.2025Lesedauer: 1 Min.<\/p>\n<p><a href=\"#focus-0\" class=\"transition-colors duration-200 focus-within:text-magenta block text-current relative\" data-sctrack=\"FocusGalleryImage.Reference\"><img fetchpriority=\"high\" data-testid=\"Opener.Image\" style=\"--lqipURL:url('https:\/\/images.t-online.de\/2025\/04\/-zJ10Qn9BLY5\/0x314:3936x2214\/fit-in\/150x0\/filters:blur(25)\/hamburg-03-august-24-lachgaspatronen-partydroge-lachgas-wird-zum-gefaehrlichen-problem-fuer-die-stadtreinigung-symbolfotos-gasbehaelter-explodieren-in-der-muellverbrennung-stadtreinigung-hamburg-bittet-um-ordnungsgemaesse-entsorgung-die-stadtreinigung-hamburg-srh-macht-sich-aktuell-sorgen-um-einen-neuen-trend-der-harmloser-klingt-als-er-ist-lachgas-als-modedroge-diese-entwicklung-fuehrt-dazu-dass-immer-mehr-lachgasflaschen-im-hausmuell-und-in-oeffentlichen-papierkoerben-landen-neben-den-gesundheitlichen-g.jpg')\"   loading=\"eager\" src=\"https:\/\/www.europesays.com\/de\/wp-content\/uploads\/2025\/04\/hamburg-03-august-24-lachgaspatronen-partydroge-lachgas-wird-zum-gefaehrlichen-problem-fuer-die-stad.jpeg\" alt=\"imago images 0804073928\" title=\"imago images 0804073928\" width=\"3936\" height=\"2214\" class=\"bg-[url:var(--lqipURL)] bg-cover bg-center flex w-full max-w-full h-full\" decoding=\"async\"\/><img style=\"--width:32;--height:32\" loading=\"lazy\" src=\"https:\/\/www.europesays.com\/de\/wp-content\/uploads\/2025\/03\/zoom-in.f7dae02f.svg.svg+xml\" alt=\"Vergr\u00f6\u00dfern des Bildes\" title=\"Vergr\u00f6\u00dfern des Bildes\" class=\"&#10;        block&#10;        h-[calc(var(--height)_\/_16_*_1rem)]&#10;        w-[calc(var(--width)_\/_16_*_1rem)]&#10;        max-w-none&#10;        absolute bottom-8 right-8 rounded-4 bg-snow p-8\" decoding=\"async\"\/><\/a><\/p>\n<p>Lachgaspatrone (Symbolfoto): Lachgas gilt als Narkosemittel. (Quelle: IMAGO\/imago)<\/p>\n<p class=\"font-bold text-18 leading-17\">Bremen zieht die Rei\u00dfleine und verbietet eine beliebte Partydroge f\u00fcr Jugendliche. Wer sie dennoch verkauft, dem drohen empfindliche Strafen.<\/p>\n<p class=\"text-18 leading-17\">Der Verkauf von Lachgas an Jugendliche wird in <a class=\"transition-colors duration-200 cursor-pointer text-inherit no-underline text-salemsfur md:hover:text-magenta md:hover:border-magenta md:focus:text-magenta border-current border-b border-solid break-words\" href=\"https:\/\/www.t-online.de\/region\/bremen\/\" data-sctrack=\"BodyAnchor\" rel=\"nofollow noopener\" target=\"_blank\">Bremen<\/a> ab sofort verboten. Der Senat der Hansestadt untersagte auch den Verkauf des Gases in Kiosken, Tankstellen, Zeitungsverkaufsstellen sowie aus Automaten. Bei Verst\u00f6\u00dfen drohen Bu\u00dfgelder von bis zu 5.000 Euro.<\/p>\n<p class=\"text-18 leading-17\">&#8222;Wir gucken da nicht l\u00e4nger zu&#8220;, sagte Bremens Innensenator Ulrich M\u00e4urer (SPD). Das Ordnungsamt werde im Rahmen der bereits bestehenden Jugendschutzkontrollen die Einhaltung der Vorschriften \u00fcberpr\u00fcfen. Die leichte Verf\u00fcgbarkeit der Modedroge habe zu einem Anstieg des Konsums gef\u00fchrt.<\/p>\n<p class=\"text-18 leading-17\">Lachgas ist ein Narkosemittel, das seit etwa 2010 vermehrt als Partydroge eingeatmet wird. Experten bef\u00fcrchten gesundheitliche Langzeitsch\u00e4den durch den Konsum. Die Verpackungen und der Verkauf seien teils so gestaltet, dass sie gezielt Jugendliche ansprechen sollen. Konsumenten atmen den euphorisierenden Stoff \u00fcber Luftballons ein, wobei Lachgas in der Medizin als leichtes Bet\u00e4ubungsmittel gegen \u00c4ngste und Schmerzen verwendet wird.<\/p>\n<p class=\"text-18 leading-17\"><a rel=\"nofollow noopener\" target=\"_blank\" class=\"transition-colors duration-200 cursor-pointer text-inherit no-underline text-salemsfur md:hover:text-magenta md:hover:border-magenta md:focus:text-magenta border-current border-b border-solid break-words\" href=\"https:\/\/hamburg.t-online.de\/region\/hamburg\/\" data-sctrack=\"BodyAnchor\">Hamburg<\/a> hatte als erstes Bundesland seit Januar 2025 ein Verbot f\u00fcr den Verkauf von Lachgas an Kinder und Jugendliche eingef\u00fchrt. Auch einzelne St\u00e4dte wie <a class=\"transition-colors duration-200 cursor-pointer text-inherit no-underline text-salemsfur md:hover:text-magenta md:hover:border-magenta md:focus:text-magenta border-current border-b border-solid break-words\" href=\"https:\/\/www.t-online.de\/region\/dortmund\/\" data-sctrack=\"BodyAnchor\" rel=\"nofollow noopener\" target=\"_blank\">Dortmund<\/a>, <a class=\"transition-colors duration-200 cursor-pointer text-inherit no-underline text-salemsfur md:hover:text-magenta md:hover:border-magenta md:focus:text-magenta border-current border-b border-solid break-words\" href=\"https:\/\/www.t-online.de\/themen\/osnabrueck\/\" data-sctrack=\"BodyAnchor\" rel=\"nofollow noopener\" target=\"_blank\">Osnabr\u00fcck<\/a> oder <a class=\"transition-colors duration-200 cursor-pointer text-inherit no-underline text-salemsfur md:hover:text-magenta md:hover:border-magenta md:focus:text-magenta border-current border-b border-solid break-words\" href=\"https:\/\/www.t-online.de\/themen\/hanau\/\" data-sctrack=\"BodyAnchor\" rel=\"nofollow noopener\" target=\"_blank\">Hanau<\/a> haben bereits ein Verbot erlassen. Niedersachsen lasse einen Vorschlag f\u00fcr eine landesweite Regelung erarbeiten, weil ein bundesweites Verbot wegen der vorgezogenen <a class=\"transition-colors duration-200 cursor-pointer text-inherit no-underline text-salemsfur md:hover:text-magenta md:hover:border-magenta md:focus:text-magenta border-current border-b border-solid break-words\" href=\"https:\/\/www.t-online.de\/nachrichten\/deutschland\/bundestagswahl\/\" data-sctrack=\"BodyAnchor\" rel=\"nofollow noopener\" target=\"_blank\">Bundestagswahl<\/a> nicht mehr zustande kam.<\/p>\n","protected":false},"excerpt":{"rendered":"Hohe Bu\u00dfgelder drohen Bremen verbietet Lachgas f\u00fcr Jugendliche 08.04.2025Lesedauer: 1 Min. Lachgaspatrone (Symbolfoto): Lachgas gilt als Narkosemittel. (Quelle:&hellip;\n","protected":false},"author":2,"featured_media":20102,"comment_status":"","ping_status":"","sticky":false,"template":"","format":"standard","meta":{"footnotes":"","_share_on_mastodon":"0"},"categories":[1824],"tags":[6027,722,2072,12559,2420,5317,3364,29,30,12557,12558,184,12560],"class_list":["post-20101","post","type-post","status-publish","format-standard","has-post-thumbnail","category-bremen","tag-ordnungsamt","tag-722","tag-2072","tag-automat","tag-bremen","tag-bussgeld","tag-de","tag-deutschland","tag-germany","tag-lachgas","tag-partydroge","tag-spd","tag-ulrich-maeurer"],"share_on_mastodon":{"url":"https:\/\/pubeurope.com\/@de\/114312063518896026","error":""},"_links":{"self":[{"href":"https:\/\/www.europesays.com\/de\/wp-json\/wp\/v2\/posts\/20101","targetHints":{"allow":["GET"]}}],"collection":[{"href":"https:\/\/www.europesays.com\/de\/wp-json\/wp\/v2\/posts"}],"about":[{"href":"https:\/\/www.europesays.com\/de\/wp-json\/wp\/v2\/types\/post"}],"author":[{"embeddable":true,"href":"https:\/\/www.europesays.com\/de\/wp-json\/wp\/v2\/users\/2"}],"replies":[{"embeddable":true,"href":"https:\/\/www.europesays.com\/de\/wp-json\/wp\/v2\/comments?post=20101"}],"version-history":[{"count":0,"href":"https:\/\/www.europesays.com\/de\/wp-json\/wp\/v2\/posts\/20101\/revisions"}],"wp:featuredmedia":[{"embeddable":true,"href":"https:\/\/www.europesays.com\/de\/wp-json\/wp\/v2\/media\/20102"}],"wp:attachment":[{"href":"https:\/\/www.europesays.com\/de\/wp-json\/wp\/v2\/media?parent=20101"}],"wp:term":[{"taxonomy":"category","embeddable":true,"href":"https:\/\/www.europesays.com\/de\/wp-json\/wp\/v2\/categories?post=20101"},{"taxonomy":"post_tag","embeddable":true,"href":"https:\/\/www.europesays.com\/de\/wp-json\/wp\/v2\/tags?post=20101"}],"curies":[{"name":"wp","href":"https:\/\/api.w.org\/{rel}","templated":true}]}}