{"id":202119,"date":"2025-06-19T08:11:12","date_gmt":"2025-06-19T08:11:12","guid":{"rendered":"https:\/\/www.europesays.com\/de\/202119\/"},"modified":"2025-06-19T08:11:12","modified_gmt":"2025-06-19T08:11:12","slug":"warum-das-d-ticket-in-den-sommerferien-fuer-schueler-nicht-gilt","status":"publish","type":"post","link":"https:\/\/www.europesays.com\/de\/202119\/","title":{"rendered":"Warum das D-Ticket in den Sommerferien f\u00fcr Sch\u00fcler nicht gilt"},"content":{"rendered":"<p>In Braunschweig und der Region <\/p>\n<p>Dieses D-Ticket gilt in den Sommerferien nicht \u2013 Gr\u00fcnde<\/p>\n<p>19.06.2025 &#8211; 09:53 UhrLesedauer: 1 Min.<\/p>\n<p><a href=\"#focus-0\" class=\"transition-colors duration-200 focus-within:text-magenta block text-current relative\" data-sctrack=\"FocusGalleryImage.Reference\"><img fetchpriority=\"high\" data-testid=\"Opener.Image\" style=\"--lqipURL:url('https:\/\/images.t-online.de\/2023\/03\/T6XzJ2IDwYfM\/0x209:4000x2250\/fit-in\/150x0\/filters:blur(25)\/so-koennte-es-aussehen-das-deutschland-ticket-als-chipkarte-am-3-april-startet-der-verkauf-offiziell.jpg')\"   loading=\"eager\" src=\"https:\/\/www.europesays.com\/de\/wp-content\/uploads\/2025\/06\/so-koennte-es-aussehen-das-deutschland-ticket-als-chipkarte-am-3-april-startet-der-verkauf-offiziell.jpeg\" alt=\"Hand h\u00e4lt das Deutschlandticket D-Ticket vor einer Regionalbahn\" title=\"Hand h\u00e4lt das Deutschlandticket D-Ticket vor einer Regionalbahn\" width=\"4000\" height=\"2250\" class=\"bg-[url:var(--lqipURL)] bg-cover bg-center flex h-full w-full max-w-full\" decoding=\"async\"\/><img style=\"--width:32;--height:32\" loading=\"lazy\" src=\"https:\/\/www.t-online.de\/s\/paper\/_next\/static\/media\/zoom-in.f7dae02f.svg\" alt=\"Vergr\u00f6\u00dfern des Bildes\" title=\"Vergr\u00f6\u00dfern des Bildes\" class=\"block h-[calc(var(--height)_\/_16_*_1rem)] w-[calc(var(--width)_\/_16_*_1rem)] max-w-none absolute bottom-8 right-8 rounded-4 bg-snow p-8\" decoding=\"async\"\/><\/a><\/p>\n<p>Deutschland-Ticket als Chipkarte (Archivbild): In den Sommerferien k\u00f6nnen es Braunschweiger Sch\u00fcler nicht nutzen. (Quelle: Christian Ohde\/imago-images-bilder)<\/p>\n<p class=\"font-bold text-18 leading-17\">In den Sommerferien ben\u00f6tigen Braunschweiger Sch\u00fcler eine Alternative, wollen sie Bus und Bahn nutzen: Ein spezielles Deutschland-Ticket gilt n\u00e4mlich nicht.<\/p>\n<p class=\"text-18 leading-17\">Am 3. Juli starten in Niedersachsen die Sommerferien. Bereits am 1. Juli wird das Deutschland-Ticket der Braunschweiger Sch\u00fcler gesperrt. Es gilt also an den letzten beiden Schultagen nicht mehr. Die Stadt begr\u00fcndete das in einer Mitteilung mit technischen Gr\u00fcnden.<\/p>\n<p class=\"text-18 leading-17\">Doch warum wird das D-Ticket in den Ferien \u00fcberhaupt gesperrt? Nachfrage bei der Stadt <a class=\"transition-colors duration-200 cursor-pointer text-inherit no-underline text-salemsfur md:hover:text-magenta md:hover:border-magenta md:focus:text-magenta border-current border-b border-solid break-words\" href=\"https:\/\/www.t-online.de\/themen\/braunschweig\/\" data-sctrack=\"BodyAnchor\" target=\"_blank\" rel=\"noopener\">Braunschweig<\/a>. Deren Sprecher Rainer Keunecke macht an dieser Stelle deutlich: &#8222;Es wird das D-Ticket gesperrt, das an Sch\u00fclerinnen und Sch\u00fcler als Fahrkarte f\u00fcr den Schulweg ausgegeben wird und dar\u00fcber hinaus zus\u00e4tzliche Mobilit\u00e4t bietet.&#8220; Das D-Ticket wird laut Stadt dazu genutzt, weil es die kosteng\u00fcnstigste Variante ist.<\/p>\n<p class=\"text-18 leading-17\">&#8222;Das D-Ticket als Fahrkarte f\u00fcr den Schulweg wird wie die fr\u00fchere Sammel-Sch\u00fclerzeitkarte aus \u00f6ffentlichen Mitteln finanziert. Weil aber in den gro\u00dfen Ferien keine Sch\u00fclerbef\u00f6rderung stattfindet, wird das Ticket f\u00fcr diese Zeit gesperrt.&#8220;<\/p>\n<p class=\"text-18 leading-17\">Die Stadt Braunschweig berichtet dar\u00fcber hinaus, dass diese Regelungen f\u00fcr das Gebiet des Verkehrsverbunds Region Braunschweig gilt.<\/p>\n<p class=\"text-18 leading-17\">W\u00e4hrend die Regelung f\u00fcr die gro\u00dfen Ferien besteht, ist eine Sperrung f\u00fcr die anderen Ferien \u2013 also in der Oster- oder Herbstferien beispielsweise. Stadtsprecher Keunecke erkl\u00e4rt: &#8222;Aus technischen Gr\u00fcnden wird das Ticket f\u00fcr Zeitr\u00e4ume unter einem Monat nicht deaktiviert.&#8220; W\u00e4hrend die Sommerferien sechs Wochen lang sind, sind die anderen Ferienzeiten deutlich k\u00fcrzer.<\/p>\n","protected":false},"excerpt":{"rendered":"In Braunschweig und der Region Dieses D-Ticket gilt in den Sommerferien nicht \u2013 Gr\u00fcnde 19.06.2025 &#8211; 09:53 UhrLesedauer:&hellip;\n","protected":false},"author":2,"featured_media":202120,"comment_status":"","ping_status":"","sticky":false,"template":"","format":"standard","meta":{"footnotes":""},"categories":[1850],"tags":[6429,4258,3364,29,548,663,3934,30,13,14,15,1411,12,11290],"class_list":{"0":"post-202119","1":"post","2":"type-post","3":"status-publish","4":"format-standard","5":"has-post-thumbnail","7":"category-braunschweig","8":"tag-braunschweig","9":"tag-chipkarte","10":"tag-de","11":"tag-deutschland","12":"tag-eu","13":"tag-europa","14":"tag-europe","15":"tag-germany","16":"tag-headlines","17":"tag-nachrichten","18":"tag-news","19":"tag-niedersachsen","20":"tag-schlagzeilen","21":"tag-sommerferien"},"share_on_mastodon":{"url":"https:\/\/pubeurope.com\/@de\/114709023003320111","error":""},"_links":{"self":[{"href":"https:\/\/www.europesays.com\/de\/wp-json\/wp\/v2\/posts\/202119","targetHints":{"allow":["GET"]}}],"collection":[{"href":"https:\/\/www.europesays.com\/de\/wp-json\/wp\/v2\/posts"}],"about":[{"href":"https:\/\/www.europesays.com\/de\/wp-json\/wp\/v2\/types\/post"}],"author":[{"embeddable":true,"href":"https:\/\/www.europesays.com\/de\/wp-json\/wp\/v2\/users\/2"}],"replies":[{"embeddable":true,"href":"https:\/\/www.europesays.com\/de\/wp-json\/wp\/v2\/comments?post=202119"}],"version-history":[{"count":0,"href":"https:\/\/www.europesays.com\/de\/wp-json\/wp\/v2\/posts\/202119\/revisions"}],"wp:featuredmedia":[{"embeddable":true,"href":"https:\/\/www.europesays.com\/de\/wp-json\/wp\/v2\/media\/202120"}],"wp:attachment":[{"href":"https:\/\/www.europesays.com\/de\/wp-json\/wp\/v2\/media?parent=202119"}],"wp:term":[{"taxonomy":"category","embeddable":true,"href":"https:\/\/www.europesays.com\/de\/wp-json\/wp\/v2\/categories?post=202119"},{"taxonomy":"post_tag","embeddable":true,"href":"https:\/\/www.europesays.com\/de\/wp-json\/wp\/v2\/tags?post=202119"}],"curies":[{"name":"wp","href":"https:\/\/api.w.org\/{rel}","templated":true}]}}