{"id":202225,"date":"2025-06-19T09:07:09","date_gmt":"2025-06-19T09:07:09","guid":{"rendered":"https:\/\/www.europesays.com\/de\/202225\/"},"modified":"2025-06-19T09:07:09","modified_gmt":"2025-06-19T09:07:09","slug":"berlin-brandenburg-vier-festnahmen-bei-durchsuchungen-in-berlin-und-beelitz","status":"publish","type":"post","link":"https:\/\/www.europesays.com\/de\/202225\/","title":{"rendered":"Berlin &#038; Brandenburg: Vier Festnahmen bei Durchsuchungen in Berlin und Beelitz"},"content":{"rendered":"<p>                    Berlin &amp; Brandenburg<br \/>\n                Vier Festnahmen bei Durchsuchungen in Berlin und Beelitz<\/p>\n<p>\t\t\t\t              19.06.2025, 10:51 Uhr<\/p>\n<p><strong>Vier mutma\u00dfliche Drogenh\u00e4ndler sind vergangene Woche festgenommen worden. Sie sollen vor allem in S\u00fcdbrandenburg gedealt haben.<\/strong><\/p>\n<p>Cottbus (dpa\/bb) &#8211; Weil sie einen Teil des Drogenhandels in S\u00fcdbrandenburg organisiert haben sollen, sind vier Verd\u00e4chtige von der Polizei festgenommen worden. Es handele sich um drei M\u00e4nner und eine Frau im Alter zwischen 40 und 54 Jahren, teilte die Polizei mit. Bei Durchsuchungen in der vergangenen Woche in Berlin und Beelitz seien gr\u00f6\u00dfere Mengen Drogen und Bargeld gefunden worden. Zwei der Tatverd\u00e4chtigen befinden sich nach Polizeiangaben mittlerweile in Untersuchungshaft.<\/p>\n","protected":false},"excerpt":{"rendered":"Berlin &amp; Brandenburg Vier Festnahmen bei Durchsuchungen in Berlin und Beelitz 19.06.2025, 10:51 Uhr Vier mutma\u00dfliche Drogenh\u00e4ndler sind&hellip;\n","protected":false},"author":2,"featured_media":202226,"comment_status":"","ping_status":"","sticky":false,"template":"","format":"standard","meta":{"footnotes":"","_share_on_mastodon":"0"},"categories":[1816],"tags":[1960,1958,1959,1957,53173,296,1956,1890,29,6978,886,30,4197],"class_list":["post-202225","post","type-post","status-publish","format-standard","has-post-thumbnail","category-brandenburg","tag-aktuelle-nachrichten-aus-berlin-und-brandenburg","tag-aktuelle-nachrichten-aus-brandenburg","tag-aktuelle-news-aus-berlin-und-brandenburg","tag-aktuelle-news-aus-brandenburg","tag-beelitz","tag-berlin","tag-berlin-und-brandenburg","tag-brandenburg","tag-deutschland","tag-durchsuchungen","tag-festnahmen","tag-germany","tag-vier"],"share_on_mastodon":{"url":"https:\/\/pubeurope.com\/@de\/114709243160267918","error":""},"_links":{"self":[{"href":"https:\/\/www.europesays.com\/de\/wp-json\/wp\/v2\/posts\/202225","targetHints":{"allow":["GET"]}}],"collection":[{"href":"https:\/\/www.europesays.com\/de\/wp-json\/wp\/v2\/posts"}],"about":[{"href":"https:\/\/www.europesays.com\/de\/wp-json\/wp\/v2\/types\/post"}],"author":[{"embeddable":true,"href":"https:\/\/www.europesays.com\/de\/wp-json\/wp\/v2\/users\/2"}],"replies":[{"embeddable":true,"href":"https:\/\/www.europesays.com\/de\/wp-json\/wp\/v2\/comments?post=202225"}],"version-history":[{"count":0,"href":"https:\/\/www.europesays.com\/de\/wp-json\/wp\/v2\/posts\/202225\/revisions"}],"wp:featuredmedia":[{"embeddable":true,"href":"https:\/\/www.europesays.com\/de\/wp-json\/wp\/v2\/media\/202226"}],"wp:attachment":[{"href":"https:\/\/www.europesays.com\/de\/wp-json\/wp\/v2\/media?parent=202225"}],"wp:term":[{"taxonomy":"category","embeddable":true,"href":"https:\/\/www.europesays.com\/de\/wp-json\/wp\/v2\/categories?post=202225"},{"taxonomy":"post_tag","embeddable":true,"href":"https:\/\/www.europesays.com\/de\/wp-json\/wp\/v2\/tags?post=202225"}],"curies":[{"name":"wp","href":"https:\/\/api.w.org\/{rel}","templated":true}]}}