{"id":202259,"date":"2025-06-19T09:25:14","date_gmt":"2025-06-19T09:25:14","guid":{"rendered":"https:\/\/www.europesays.com\/de\/202259\/"},"modified":"2025-06-19T09:25:14","modified_gmt":"2025-06-19T09:25:14","slug":"maja-t-gruene-abgeordnete-fordern-schnelle-ueberstellung-nach-deutschland","status":"publish","type":"post","link":"https:\/\/www.europesays.com\/de\/202259\/","title":{"rendered":"Maja T.: Gr\u00fcne Abgeordnete fordern schnelle \u00dcberstellung nach Deutschland"},"content":{"rendered":"<p class=\"is-first-paragraph\" data-external=\"Article.FirstParagraph\">Bundesjustizministerin Stefanie Hubig (SPD) soll sich nach dem Willen von einigen Gr\u00fcnen-Abgeordneten daf\u00fcr einsetzen, dass die in Ungarn inhaftierte deutsche non-bin\u00e4re Person Maja T. (24) nach Deutschland \u00fcberstellt wird.<\/p>\n<p>Es solle sofort auf allen politischen und diplomatischen Ebenen Druck auf die ungarische Regierung ausge\u00fcbt werden, um eine schnelle und sichere R\u00fcck\u00fcberstellung von Maja T. nach Deutschland zu erreichen, hei\u00dft es in einem Brief, der unter anderem von der Bundestagsabgeordneten Katrin G\u00f6ring-Eckardt und dem Europaabgeordneten Daniel Freund unterschrieben wurde. <\/p>\n<p>Zudem sollten Angeklagte grunds\u00e4tzlich nicht nach Ungarn ausgeliefert werden, \u201esolange menschenrechtliche und rechtsstaatliche Mindeststandards dort nicht gew\u00e4hrleistet werden k\u00f6nnen\u201c. Es gehe dabei um den Schutz deutscher Staatsb\u00fcrgerinnen und Staatsb\u00fcrger im Ausland.<\/p>\n<p>Der Vorwurf lautet auf schwere K\u00f6rperverletzung<\/p>\n<p>Maja T. \u2013 in der Pressemitteilung der Bundesanwaltschaft von 2024 zum Haftbefehl f\u00fcr T. noch Simeon T. genannt \u2013 steht unter dem Verdacht, im Februar 2023 an Gewalttaten in Ungarn gegen tats\u00e4chliche oder mutma\u00dfliche Rechtsextremisten beteiligt und f\u00fcr schwere K\u00f6rperverletzungen mitverantwortlich gewesen zu sein.<\/p>\n<p>Laut Verteidiger Tamas Bajaky <a class=\"is-link c-block-items__link c-link--rich-text-renderer\" href=\"https:\/\/www.welt.de\/politik\/deutschland\/article256212456\/linksextremismus-in-isolationshaft-in-ungarn-maja-t-kuendigt-hungerstreik-an.html\" data-internal-tracking-enabled=\"true\" data-internal-tracking=\"{&quot;action&quot;:&quot;click&quot;,&quot;label&quot;:&quot;link&quot;,&quot;name&quot;:&quot;Inline Element&quot;,&quot;data&quot;:{&quot;source&quot;:&quot;&quot;,&quot;target&quot;:&quot;https:\/\/www.welt.de\/politik\/deutschland\/article256212456\/linksextremismus-in-isolationshaft-in-ungarn-maja-t-kuendigt-hungerstreik-an.html&quot;,&quot;trackingName&quot;:&quot;&quot;,&quot;trackingLabel&quot;:&quot;&quot;}}\" target=\"_blank\" rel=\"noopener\">nimmt Maja T. seit acht Tagen keine feste Nahrung, sondern nur Fl\u00fcssigkeiten zu sich<\/a> und hat acht Kilogramm abgenommen. Hintergrund des Hungerstreiks ist unter anderem eine Forderung nach besseren Haftbedingungen \u2013 etwa ein Ende der Isolationshaft.<\/p>\n<p>Im Dezember 2023 war Maja T. in Berlin verhaftet und im Juni 2024 nach Ungarn ausgeliefert worden \u2013 obwohl das Bundesverfassungsgericht dies untersagt hatte. Doch die Entscheidung aus Karlsruhe kam wenige Minuten zu sp\u00e4t.<\/p>\n","protected":false},"excerpt":{"rendered":"Bundesjustizministerin Stefanie Hubig (SPD) soll sich nach dem Willen von einigen Gr\u00fcnen-Abgeordneten daf\u00fcr einsetzen, dass die in Ungarn&hellip;\n","protected":false},"author":2,"featured_media":202260,"comment_status":"","ping_status":"","sticky":false,"template":"","format":"standard","meta":{"footnotes":""},"categories":[2],"tags":[8012,21,29,30,66106,13,42438,682,12623,14,15,110,12,10,8,9,11,501],"class_list":{"0":"post-202259","1":"post","2":"type-post","3":"status-publish","4":"format-standard","5":"has-post-thumbnail","7":"category-deutschland","8":"tag-budapest","9":"tag-buendnis-90-die-gruenen","10":"tag-deutschland","11":"tag-germany","12":"tag-goering-eckardt","13":"tag-headlines","14":"tag-katrin","15":"tag-koerperverletzung","16":"tag-linksextremismus","17":"tag-nachrichten","18":"tag-news","19":"tag-newsteam","20":"tag-schlagzeilen","21":"tag-top-news","22":"tag-top-meldungen","23":"tag-topmeldungen","24":"tag-topnews","25":"tag-ungarn"},"share_on_mastodon":{"url":"https:\/\/pubeurope.com\/@de\/114709313851903950","error":""},"_links":{"self":[{"href":"https:\/\/www.europesays.com\/de\/wp-json\/wp\/v2\/posts\/202259","targetHints":{"allow":["GET"]}}],"collection":[{"href":"https:\/\/www.europesays.com\/de\/wp-json\/wp\/v2\/posts"}],"about":[{"href":"https:\/\/www.europesays.com\/de\/wp-json\/wp\/v2\/types\/post"}],"author":[{"embeddable":true,"href":"https:\/\/www.europesays.com\/de\/wp-json\/wp\/v2\/users\/2"}],"replies":[{"embeddable":true,"href":"https:\/\/www.europesays.com\/de\/wp-json\/wp\/v2\/comments?post=202259"}],"version-history":[{"count":0,"href":"https:\/\/www.europesays.com\/de\/wp-json\/wp\/v2\/posts\/202259\/revisions"}],"wp:featuredmedia":[{"embeddable":true,"href":"https:\/\/www.europesays.com\/de\/wp-json\/wp\/v2\/media\/202260"}],"wp:attachment":[{"href":"https:\/\/www.europesays.com\/de\/wp-json\/wp\/v2\/media?parent=202259"}],"wp:term":[{"taxonomy":"category","embeddable":true,"href":"https:\/\/www.europesays.com\/de\/wp-json\/wp\/v2\/categories?post=202259"},{"taxonomy":"post_tag","embeddable":true,"href":"https:\/\/www.europesays.com\/de\/wp-json\/wp\/v2\/tags?post=202259"}],"curies":[{"name":"wp","href":"https:\/\/api.w.org\/{rel}","templated":true}]}}