{"id":202361,"date":"2025-06-19T10:22:12","date_gmt":"2025-06-19T10:22:12","guid":{"rendered":"https:\/\/www.europesays.com\/de\/202361\/"},"modified":"2025-06-19T10:22:12","modified_gmt":"2025-06-19T10:22:12","slug":"explosion-in-koelner-restaurant-polizei-sucht-zwei-maenner-regional","status":"publish","type":"post","link":"https:\/\/www.europesays.com\/de\/202361\/","title":{"rendered":"Explosion in K\u00f6lner Restaurant: Polizei sucht zwei M\u00e4nner | Regional"},"content":{"rendered":"<p>K\u00f6ln \u2013 <b>War es ein Anschlag oder ein Ungl\u00fcck? In einem K\u00f6lner Restaurant gab es in der Nacht zum Donnerstag eine Explosion. <\/b><\/p>\n<p>Um kurz nach 4.30 Uhr gab es laut ersten Ermittlungen der Polizei einen lauten Knall in dem Laden an der Ecke Deutz-Kalker Stra\u00dfe\/Deutzer Ring im Stadtteil Kalk.<\/p>\n<p>Polizei sucht nach zwei M\u00e4nnern<\/p>\n<p>Nach BILD-Informationen geh\u00f6rt das Restaurant dem Vater von Sermet A. Der 23-J\u00e4hrige (kurdisch-irakische Wurzeln) gilt als eine <a href=\"https:\/\/www.bild.de\/regional\/nordrhein-westfalen\/koeln-mocro-mafia-mit-drogen-coup-geprahlt-dann-brach-der-krieg-los-669b847a4b9ee64d3870c15c\" class=\"text-link\" target=\"_blank\" rel=\"noopener\">Schl\u00fcsselfigur im K\u00f6lner Drogenkrieg<\/a>, der seit dem Sommer in Nordrhein-Westfalen tobt. <\/p>\n<p><img decoding=\"async\" width=\"992\" height=\"1178\" alt=\"Sitzt in Untersuchungshaft und wartet auf seinen Prozess: Sermet A. (23)\" src=\"https:\/\/www.europesays.com\/de\/wp-content\/uploads\/2025\/06\/819c9f15821ce0af8419f457305093e3,84096b84\"   class=\"portrait\" loading=\"lazy\"\/><\/p>\n<p class=\"fig__caption__text\">Sitzt in Untersuchungshaft und wartet auf seinen Prozess: Sermet A. (23)<\/p>\n<p>Foto: Privat<\/p>\n<p>Rivalisierende Banden k\u00e4mpfen um Rauschgift und Macht \u2013 mit Bombenanschl\u00e4gen, Entf\u00fchrungen und Folter. <a href=\"https:\/\/www.bild.de\/regional\/koeln\/mocro-mafia-kopf-der-bande-aus-koeln-in-paris-gefasst-66fff82a3007346d11fcfeea\" class=\"text-link\" target=\"_blank\" rel=\"noopener\">Sermet A.<\/a> sitzt aktuell in Untersuchungshaft und wartet auf seinen Prozess.<\/p>\n<p><img decoding=\"async\" width=\"992\" height=\"558\" alt=\"Eine Ermittlerin der Spurensicherung macht Aufnahmen im zerst\u00f6rten Restaurant\" src=\"https:\/\/www.europesays.com\/de\/wp-content\/uploads\/2025\/06\/a8b5d643a724df530a528906003434d9,3afdc509\"   class=\"landscape\" loading=\"lazy\"\/><\/p>\n<p class=\"fig__caption__text\">Eine Ermittlerin der Spurensicherung macht Aufnahmen im zerst\u00f6rten Restaurant<\/p>\n<p>Foto: Daniel Evers<\/p>\n<p><img decoding=\"async\" width=\"992\" height=\"558\" alt=\"Die Polizei ist am Morgen nach der Explosion mit einem Gro\u00dfaufgebot vor Ort\" src=\"https:\/\/www.europesays.com\/de\/wp-content\/uploads\/2025\/06\/e902ac53886ee8d3f15b2d09f9b30f34,d09dba17\"   class=\"landscape\" loading=\"lazy\"\/><\/p>\n<p class=\"fig__caption__text\">Die Polizei ist am Morgen nach der Explosion mit einem Gro\u00dfaufgebot vor Ort<\/p>\n<p>Foto: Daniel Evers<\/p>\n<p>Ein Sprecher der <a href=\"https:\/\/www.bild.de\/regional\/aktuelles\/polizei\/polizeieinsatz-alle-infos-76681760.bild.html\" class=\"text-link\" target=\"_blank\" rel=\"noopener\">Polizei<\/a>: \u201eDurch die Wucht der Explosion im Eingangsbereich zerbarsten die Fensterscheiben, und St\u00fchle wurden auf den Gehweg vor dem Lokal geschleudert. Verletzt wurde nach bisherigem Stand niemand. Es befanden sich zum Tatzeitpunkt keine Personen in dem Restaurant.\u201c<\/p>\n<p>Zwei M\u00e4nner sollen vom Tatort weggelaufen sein<\/p>\n<p>Jetzt sucht die Polizei <a href=\"https:\/\/www.bild.de\/regional\/koeln\/koeln-regional\/home-16344378.bild.html\" class=\"text-link\" target=\"_blank\" rel=\"noopener\">K\u00f6ln<\/a> nach zwei bislang unbekannten M\u00e4nnern! Sie sollen vom mutma\u00dflichen Tatort in Richtung der Technischen Hochschule Deutz gefl\u00fcchtet sein. <\/p>\n<p><img decoding=\"async\" width=\"992\" height=\"558\" alt=\"Der Eingangsbereich und Teile der Terrasse sind v\u00f6llig zerst\u00f6rt\" src=\"https:\/\/www.europesays.com\/de\/wp-content\/uploads\/2025\/06\/1a3cb27865fa43c2007b60672f230d7c,9d4bdb8a\"   class=\"landscape\" loading=\"lazy\"\/><\/p>\n<p class=\"fig__caption__text\">Der Eingangsbereich und Teile der Terrasse sind v\u00f6llig zerst\u00f6rt<\/p>\n<p>Foto: Daniel Evers<\/p>\n<p>\u201eOb es sich um Tatverd\u00e4chtige oder m\u00f6gliche Zeugen handelt, ist noch unklar\u201c, so der Sprecher. Die Fahndung nach den M\u00e4nnern laufe.<\/p>\n<p>Zeugen sollen sich melden<\/p>\n<p>Was hinter der <a href=\"https:\/\/www.bild.de\/themen\/ereignisse\/explosion\/nachrichten-news-fotos-videos-19931728.bild.html\" class=\"text-link\" target=\"_blank\" rel=\"noopener\">Explosion<\/a> steckt, ist derzeit v\u00f6llig unklar. Die Ermittlungen laufen, die Spurensicherung ist im Einsatz.<\/p>\n<p>Lesen Sie auch<\/p>\n<p><b>Zeugen, die Hinweise zur Tat oder den beiden fl\u00fcchtigen M\u00e4nnern geben k\u00f6nnen, sollen sich unter Tel. 0221\/2290 bei der Polizei melden.<\/b><\/p>\n<p><img decoding=\"async\" width=\"992\" height=\"558\" alt=\"Die Polizei sperrte den Bereich um das Restaurant gro\u00dfr\u00e4umig ab. Die KTU sicherte die Spuren\" src=\"https:\/\/www.europesays.com\/de\/wp-content\/uploads\/2025\/06\/9aec9c4d420f1fc44cba0951351ec8a4,d8b4ed55\"   class=\"landscape\" loading=\"lazy\"\/><\/p>\n<p class=\"fig__caption__text\">Die Polizei sperrte den Bereich um das Restaurant gro\u00dfr\u00e4umig ab. Kriminaltechniker sicherten Spuren<\/p>\n<p>Foto: Daniel Evers<\/p>\n","protected":false},"excerpt":{"rendered":"K\u00f6ln \u2013 War es ein Anschlag oder ein Ungl\u00fcck? In einem K\u00f6lner Restaurant gab es in der Nacht&hellip;\n","protected":false},"author":2,"featured_media":202362,"comment_status":"","ping_status":"","sticky":false,"template":"","format":"standard","meta":{"footnotes":""},"categories":[1828],"tags":[29,2805,122,30,66124,1420,1209,121,6305,45],"class_list":{"0":"post-202361","1":"post","2":"type-post","3":"status-publish","4":"format-standard","5":"has-post-thumbnail","7":"category-koeln","8":"tag-deutschland","9":"tag-explosion","10":"tag-fahndungen","11":"tag-germany","12":"tag-kalk","13":"tag-koeln","14":"tag-nordrhein-westfalen","15":"tag-polizei","16":"tag-restaurants","17":"tag-texttospeech"},"share_on_mastodon":{"url":"https:\/\/pubeurope.com\/@de\/114709538071082181","error":""},"_links":{"self":[{"href":"https:\/\/www.europesays.com\/de\/wp-json\/wp\/v2\/posts\/202361","targetHints":{"allow":["GET"]}}],"collection":[{"href":"https:\/\/www.europesays.com\/de\/wp-json\/wp\/v2\/posts"}],"about":[{"href":"https:\/\/www.europesays.com\/de\/wp-json\/wp\/v2\/types\/post"}],"author":[{"embeddable":true,"href":"https:\/\/www.europesays.com\/de\/wp-json\/wp\/v2\/users\/2"}],"replies":[{"embeddable":true,"href":"https:\/\/www.europesays.com\/de\/wp-json\/wp\/v2\/comments?post=202361"}],"version-history":[{"count":0,"href":"https:\/\/www.europesays.com\/de\/wp-json\/wp\/v2\/posts\/202361\/revisions"}],"wp:featuredmedia":[{"embeddable":true,"href":"https:\/\/www.europesays.com\/de\/wp-json\/wp\/v2\/media\/202362"}],"wp:attachment":[{"href":"https:\/\/www.europesays.com\/de\/wp-json\/wp\/v2\/media?parent=202361"}],"wp:term":[{"taxonomy":"category","embeddable":true,"href":"https:\/\/www.europesays.com\/de\/wp-json\/wp\/v2\/categories?post=202361"},{"taxonomy":"post_tag","embeddable":true,"href":"https:\/\/www.europesays.com\/de\/wp-json\/wp\/v2\/tags?post=202361"}],"curies":[{"name":"wp","href":"https:\/\/api.w.org\/{rel}","templated":true}]}}