{"id":202506,"date":"2025-06-19T11:41:08","date_gmt":"2025-06-19T11:41:08","guid":{"rendered":"https:\/\/www.europesays.com\/de\/202506\/"},"modified":"2025-06-19T11:41:08","modified_gmt":"2025-06-19T11:41:08","slug":"hammer-attacke-am-flughafen-frankfurt-mordkommission-ermittelt-regional","status":"publish","type":"post","link":"https:\/\/www.europesays.com\/de\/202506\/","title":{"rendered":"Hammer-Attacke am Flughafen Frankfurt: Mordkommission ermittelt | Regional"},"content":{"rendered":"<p>Frankfurt\/Main \u2013 <b>Ein Streit am Flughafen ist derartig eskaliert, dass ein Mann einem anderen mit einem Hammer auf den Kopf geschlagen haben soll. Die Mordkommission wurde eingeschaltet.<\/b><\/p>\n<p>Am Dienstagnachmittag w\u00e4re eine Auseinandersetzung zwischen Lieferanten am Flughafen <a href=\"https:\/\/www.bild.de\/regional\/frankfurt\/frankfurt-regional\/home-16342404.bild.html\" class=\"text-link\" target=\"_blank\" rel=\"noopener\">Frankfurt<\/a> beinahe t\u00f6dlich geendet. Nach Beh\u00f6rdenangaben hatte sich ein Lkw-Fahrer (37) im Cargo-Bereich des <a href=\"https:\/\/www.bild.de\/themen\/orte\/flughafen-frankfurt\/groesster-deutscher-flughafen-18085978.bild.html\" class=\"text-link\" target=\"_blank\" rel=\"noopener\">Airports<\/a> vom Parkman\u00f6ver eines weiteren Lasters so gest\u00f6rt gef\u00fchlt, dass er zu hupen begann.<\/p>\n<p>Erst flogen nur Flaschen<\/p>\n<p>Das passte dem jungen Paar, das in dem anderen Lkw sa\u00df, offenbar gar nicht. Laut <a href=\"https:\/\/www.bild.de\/regional\/aktuelles\/polizei\/polizeieinsatz-alle-infos-76681760.bild.html\" class=\"text-link\" target=\"_blank\" rel=\"noopener\">Polizei<\/a> und Staatsanwaltschaft reagierten die Frau (24) und der Mann (26) zun\u00e4chst mit Gestiken und sollen Getr\u00e4nkeflaschen geworfen haben.<\/p>\n<p>Als der 37-J\u00e4hrige daraufhin ausstieg, sei er unvermittelt von der Frau angegriffen und zu Boden gebracht worden. Der Trucker hielt die Angreiferin fest, um weitere Attacken abzuwehren.<\/p>\n<p>Lesen Sie auchZeuge verhindert wohl einen Totschlag<\/p>\n<p>Daraufhin mischte sich ihr Kollege mit \u00e4u\u00dferster Brutalit\u00e4t ein, schlug nach Angaben eines Zeugen (40) mit einem Hammer auf den Kopf seines Kontrahenten. Nur weil der 40-J\u00e4hrige mutig eingriff, wurde der Lasterfahrer nicht schwer verletzt, hei\u00dft es. Der Zeuge hinderte die Angreifer dann auch noch an der Flucht, indem er den Laster blockierte. <\/p>\n<p><b>Jetzt ermittelt die Polizei wegen gemeinschaftlichen versuchten Totschlags. Das Paar kommt vor den Haftrichter, der \u00fcber eine Untersuchungshaft entscheidet.<\/b><\/p>\n","protected":false},"excerpt":{"rendered":"Frankfurt\/Main \u2013 Ein Streit am Flughafen ist derartig eskaliert, dass ein Mann einem anderen mit einem Hammer auf&hellip;\n","protected":false},"author":2,"featured_media":202507,"comment_status":"","ping_status":"","sticky":false,"template":"","format":"standard","meta":{"footnotes":""},"categories":[1829],"tags":[2140,29,1345,2050,2051,30,1000,17543,2052,2290,17930,121,45,6148,4853,10646],"class_list":{"0":"post-202506","1":"post","2":"type-post","3":"status-publish","4":"format-standard","5":"has-post-thumbnail","7":"category-frankfurt-am-main","8":"tag-angriff","9":"tag-deutschland","10":"tag-flughafen-frankfurt-am-main","11":"tag-frankfurt","12":"tag-frankfurt-am-main","13":"tag-germany","14":"tag-gewalt","15":"tag-hammer","16":"tag-hessen","17":"tag-mordkommission","18":"tag-mordversuch","19":"tag-polizei","20":"tag-texttospeech","21":"tag-totschlag","22":"tag-untersuchungshaft","23":"tag-versuchter-totschlag"},"share_on_mastodon":{"url":"https:\/\/pubeurope.com\/@de\/114709848583467153","error":""},"_links":{"self":[{"href":"https:\/\/www.europesays.com\/de\/wp-json\/wp\/v2\/posts\/202506","targetHints":{"allow":["GET"]}}],"collection":[{"href":"https:\/\/www.europesays.com\/de\/wp-json\/wp\/v2\/posts"}],"about":[{"href":"https:\/\/www.europesays.com\/de\/wp-json\/wp\/v2\/types\/post"}],"author":[{"embeddable":true,"href":"https:\/\/www.europesays.com\/de\/wp-json\/wp\/v2\/users\/2"}],"replies":[{"embeddable":true,"href":"https:\/\/www.europesays.com\/de\/wp-json\/wp\/v2\/comments?post=202506"}],"version-history":[{"count":0,"href":"https:\/\/www.europesays.com\/de\/wp-json\/wp\/v2\/posts\/202506\/revisions"}],"wp:featuredmedia":[{"embeddable":true,"href":"https:\/\/www.europesays.com\/de\/wp-json\/wp\/v2\/media\/202507"}],"wp:attachment":[{"href":"https:\/\/www.europesays.com\/de\/wp-json\/wp\/v2\/media?parent=202506"}],"wp:term":[{"taxonomy":"category","embeddable":true,"href":"https:\/\/www.europesays.com\/de\/wp-json\/wp\/v2\/categories?post=202506"},{"taxonomy":"post_tag","embeddable":true,"href":"https:\/\/www.europesays.com\/de\/wp-json\/wp\/v2\/tags?post=202506"}],"curies":[{"name":"wp","href":"https:\/\/api.w.org\/{rel}","templated":true}]}}