{"id":202514,"date":"2025-06-19T11:45:13","date_gmt":"2025-06-19T11:45:13","guid":{"rendered":"https:\/\/www.europesays.com\/de\/202514\/"},"modified":"2025-06-19T11:45:13","modified_gmt":"2025-06-19T11:45:13","slug":"lkw-bleibt-in-giesing-an-tram-oberleitung-haengen-hoher-schaden","status":"publish","type":"post","link":"https:\/\/www.europesays.com\/de\/202514\/","title":{"rendered":"Lkw bleibt in Giesing an Tram-Oberleitung h\u00e4ngen \u2013 hoher Schaden"},"content":{"rendered":"<p>Unfall in Giesing <\/p>\n<p>Lkw bleibt an Oberleitung h\u00e4ngen \u2013 mehrere tausend Euro Schaden<\/p>\n<p>19.06.2025 &#8211; 13:38 UhrLesedauer: 1 Min.<\/p>\n<p><a href=\"#focus-0\" class=\"transition-colors duration-200 focus-within:text-magenta block text-current relative\" data-sctrack=\"FocusGalleryImage.Reference\"><img fetchpriority=\"high\" data-testid=\"Opener.Image\" style=\"--lqipURL:url('https:\/\/images.t-online.de\/2025\/06\/4syxL-vTI54J\/0x66:4000x2250\/fit-in\/150x0\/filters:blur(25)\/image.jpg')\"   loading=\"eager\" src=\"https:\/\/www.europesays.com\/de\/wp-content\/uploads\/2025\/06\/1750333513_800_image.jpg\" alt=\"imago images 0202691649\" title=\"imago images 0202691649\" width=\"4000\" height=\"2250\" class=\"bg-[url:var(--lqipURL)] bg-cover bg-center flex h-full w-full max-w-full\" decoding=\"async\"\/><img style=\"--width:32;--height:32\" loading=\"lazy\" src=\"https:\/\/muenchen.t-online.de\/s\/paper\/_next\/static\/media\/zoom-in.f7dae02f.svg\" alt=\"Vergr\u00f6\u00dfern des Bildes\" title=\"Vergr\u00f6\u00dfern des Bildes\" class=\"block h-[calc(var(--height)_\/_16_*_1rem)] w-[calc(var(--width)_\/_16_*_1rem)] max-w-none absolute bottom-8 right-8 rounded-4 bg-snow p-8\" decoding=\"async\"\/><\/a><\/p>\n<p>Zwei Trambahnen in M\u00fcnchen (Archivbild): Im Stadtteil Giesing ist der Sattelauflieger eines Lkw an einer Oberleitung h\u00e4ngengeblieben. (Quelle: IMAGO)<\/p>\n<p class=\"font-bold text-18 leading-17\">Ein Lastwagen hat in M\u00fcnchen eine Oberleitung besch\u00e4digt und ist danach gefl\u00fcchtet. Die Polizei sucht nach dem Fahrer.<\/p>\n<p class=\"text-18 leading-17\">Am Mittwoch, dem 18. Juni 2025, besch\u00e4digte ein unbekannter Lkw-Fahrer gegen 17.30 Uhr die Oberleitung der Trambahn auf der Chiemgaustra\u00dfe in M\u00fcnchen-Giesing. Der Fahrer durchfuhr eine Bahnunterf\u00fchrung mit einer beschr\u00e4nkten Durchfahrtsh\u00f6he von 3,5 Metern, wobei der Sattelauflieger an der Leitung h\u00e4ngenblieb, die daraufhin riss.<\/p>\n<p class=\"text-18 leading-17\">Nach Angaben der Polizei entfernte sich der Fahrer anschlie\u00dfend vom Unfallort, ohne seinen gesetzlichen Verpflichtungen nachzukommen. Der entstandene Sachschaden betr\u00e4gt mehrere tausend Euro.<\/p>\n<p class=\"text-18 leading-17\">W\u00e4hrend der Reparaturarbeiten an der Oberleitung musste ein Fahrstreifen der Chiemgaustra\u00dfe gesperrt werden, was zu Verkehrsbehinderungen f\u00fchrte. Die M\u00fcnchner Verkehrspolizei hat die Ermittlungen aufgenommen und sucht nach dem fl\u00fcchtigen Fahrer.<\/p>\n<p class=\"text-18 leading-17\">Personen, die Hinweise zu dem Lkw-Fahrer machen k\u00f6nnen, werden gebeten, das Unfallkommando unter der Nummer 089\/6216-3322 zu kontaktieren.<\/p>\n","protected":false},"excerpt":{"rendered":"Unfall in Giesing Lkw bleibt an Oberleitung h\u00e4ngen \u2013 mehrere tausend Euro Schaden 19.06.2025 &#8211; 13:38 UhrLesedauer: 1&hellip;\n","protected":false},"author":2,"featured_media":202515,"comment_status":"","ping_status":"","sticky":false,"template":"","format":"standard","meta":{"footnotes":""},"categories":[1827],"tags":[722,772,29,30,6787,1268,31079,2228,121,66188,42898,1284],"class_list":{"0":"post-202514","1":"post","2":"type-post","3":"status-publish","4":"format-standard","5":"has-post-thumbnail","7":"category-muenchen","8":"tag-722","9":"tag-bayern","10":"tag-deutschland","11":"tag-germany","12":"tag-giesing","13":"tag-muenchen","14":"tag-muenchen-giesing","15":"tag-oberleitung","16":"tag-polizei","17":"tag-sattelauflieger","18":"tag-trambahn","19":"tag-unfall"},"share_on_mastodon":{"url":"https:\/\/pubeurope.com\/@de\/114709865292230643","error":""},"_links":{"self":[{"href":"https:\/\/www.europesays.com\/de\/wp-json\/wp\/v2\/posts\/202514","targetHints":{"allow":["GET"]}}],"collection":[{"href":"https:\/\/www.europesays.com\/de\/wp-json\/wp\/v2\/posts"}],"about":[{"href":"https:\/\/www.europesays.com\/de\/wp-json\/wp\/v2\/types\/post"}],"author":[{"embeddable":true,"href":"https:\/\/www.europesays.com\/de\/wp-json\/wp\/v2\/users\/2"}],"replies":[{"embeddable":true,"href":"https:\/\/www.europesays.com\/de\/wp-json\/wp\/v2\/comments?post=202514"}],"version-history":[{"count":0,"href":"https:\/\/www.europesays.com\/de\/wp-json\/wp\/v2\/posts\/202514\/revisions"}],"wp:featuredmedia":[{"embeddable":true,"href":"https:\/\/www.europesays.com\/de\/wp-json\/wp\/v2\/media\/202515"}],"wp:attachment":[{"href":"https:\/\/www.europesays.com\/de\/wp-json\/wp\/v2\/media?parent=202514"}],"wp:term":[{"taxonomy":"category","embeddable":true,"href":"https:\/\/www.europesays.com\/de\/wp-json\/wp\/v2\/categories?post=202514"},{"taxonomy":"post_tag","embeddable":true,"href":"https:\/\/www.europesays.com\/de\/wp-json\/wp\/v2\/tags?post=202514"}],"curies":[{"name":"wp","href":"https:\/\/api.w.org\/{rel}","templated":true}]}}