{"id":202538,"date":"2025-06-19T11:57:10","date_gmt":"2025-06-19T11:57:10","guid":{"rendered":"https:\/\/www.europesays.com\/de\/202538\/"},"modified":"2025-06-19T11:57:10","modified_gmt":"2025-06-19T11:57:10","slug":"mussten-da-hingehen-juve-star-spricht-ueber-merkwuerdigen-besuch-bei-trump-n-tv","status":"publish","type":"post","link":"https:\/\/www.europesays.com\/de\/202538\/","title":{"rendered":"&quot;Mussten da hingehen&quot;: Juve-Star spricht \u00fcber &quot;merkw\u00fcrdigen&quot; Besuch bei Trump &#8211; N-TV"},"content":{"rendered":"<ol>\n<li><a href=\"https:\/\/news.google.com\/rss\/articles\/CBMitwFBVV95cUxQbUhNY3FpcEZ2YXhJNHM5S3UwclVJWEpEWktZZGlwSEtrODY4Y1dTOGpQbW1PZ0tXUDU4aHhhVnU4dE81bjZHXzZMM29mQzQ4ajhfN09zRGZpdTRzU3RPanpEYldkc1g3WHJXN01Zc2lkRlM2YlVPc29uMjIzY2lpSTVwUWs5QXptN296RjBFbV9MSVp5c05MeGJsRUFabUxPZ3BPbktTSWxGRUYwai14NldkdE9HNDg?oc=5\" target=\"_blank\" rel=\"noopener\">&#8222;Mussten da hingehen&#8220;: Juve-Star spricht \u00fcber &#8222;merkw\u00fcrdigen&#8220; Besuch bei Trump<\/a>&nbsp;&nbsp;N-TV<\/li>\n<li><a href=\"https:\/\/news.google.com\/rss\/articles\/CBMixgFBVV95cUxQSEdGazJQSHo1SlNqT24zWXVIdnluTjJ4X2J6UVJuMjJtal9nOE90YjdoUXpXdUpRbDdZTzMyby02UlhDMHNMd05lUk1zTjdkeGJXM0cyYjZaYlRhMGhYNTYxckZyVFEtRWY4QjFnMTdIdXlFYUV3ZWh4SWctYzc0QlZ0Qkh3dEtRYnVWbWJBV3lUZFFrb1lOX2hqZlZ6My1UanlJV0RpUVVpQlVuWmdneGpidXg1d3JEdXNXN0xIRWVqVVV4WWc?oc=5\" target=\"_blank\" rel=\"noopener\">US-Pr\u00e4sident Donald Trump bringt Juventus-Fu\u00dfballer in Verlegenheit<\/a>&nbsp;&nbsp;FAZ<\/li>\n<li><a href=\"https:\/\/news.google.com\/rss\/articles\/CBMiqwFBVV95cUxOUHFiZ0ZDaW5sX0NLOEdybFJtaElabHZyYzhwaXBDelpjUVpsb2ZVNWJqYTJJQkd1N2NIWEhvcVZ4NjJnQ1M5MjJ1NjNNT19sOGluUGdPbXNxdFdJY0lfU1NodFhKcFBmWXJ2d0thTWFvMzhZN2o2cVhmNkd0alRWRFIyd1d3UkxOejE0RjVLSWMtdTc1SFlSYVhGT0kyS1Zla3haYkhyeVBUMkU?oc=5\" target=\"_blank\" rel=\"noopener\">&#8222;Er wei\u00df nicht, was das ist&#8220;: Trump f\u00fchrt FIFA-Boss Infantino im Oval Office vor<\/a>&nbsp;&nbsp;N-TV<\/li>\n<li><a href=\"https:\/\/news.google.com\/rss\/articles\/CBMiuAFBVV95cUxNcDJGSElVbVd6czFOUDRPelYyS2ZmUDRHa3BNM21DNllkS0dkUmwxWG1xRlJ3MGgzTTYwZFJKZnRrZTN1YnFZc2o3bVRqenFuRUdLeGlPRmlWRlRWZGhqa0lVUHY5ekVFQV84SkhPOWlvUXZtNjhJc3N2OVd6cnZfQ2xEWm84ZGFwRHdpUjNtNzZpR3VLdzBJYTNaRWFKTldUZkhJOVQxeE9LWDAxUEdadV9mYzltaUhC?oc=5\" target=\"_blank\" rel=\"noopener\">Trump bekommt Fu\u00dfball-Besuch \u2013 und provoziert mit Frauen-Frage<\/a>&nbsp;&nbsp;Berliner Morgenpost<\/li>\n<li><a href=\"https:\/\/news.google.com\/rss\/articles\/CBMizwFBVV95cUxPVHhjVUhQd3pVbDdlY1RhSjZpNVhneTRpbHAzWjlta293MzNoTWlGRGJaTElKbnZiTks5bHE0Ni05dmk4clFaR3ZwU0ZSa1hTZTR1Y0ZCeEdadlRMQUJCOTZCNkkxazdGMGZHS3UwOEJKaVN0MEdULXctUEw3YjFvTWRiY3lYMmhmTDNzS0h1dmdpY1JrMzFkdXhEeFl5TUl1OTYzNWJ2QUZXeTExeTBhdzhtVUhWenRDRWhuTV9Pemh2VWRNZWRycjZWTDZUSUk?oc=5\" target=\"_blank\" rel=\"noopener\">Juventus Turins Fremdscham-Moment bei Trump: Geradeaus schauen, nicht antworten<\/a>&nbsp;&nbsp;WELT<\/li>\n<\/ol>\n","protected":false},"excerpt":{"rendered":"&#8222;Mussten da hingehen&#8220;: Juve-Star spricht \u00fcber &#8222;merkw\u00fcrdigen&#8220; Besuch bei Trump&nbsp;&nbsp;N-TV US-Pr\u00e4sident Donald Trump bringt Juventus-Fu\u00dfballer in Verlegenheit&nbsp;&nbsp;FAZ &#8222;Er&hellip;\n","protected":false},"author":2,"featured_media":201957,"comment_status":"","ping_status":"","sticky":false,"template":"","format":"standard","meta":{"footnotes":""},"categories":[1773],"tags":[8057,282,29,214,30,66199,66198,471,1780,283,113,215],"class_list":{"0":"post-202538","1":"post","2":"type-post","3":"status-publish","4":"format-standard","5":"has-post-thumbnail","7":"category-serien","8":"tag-besuch","9":"tag-der","10":"tag-deutschland","11":"tag-entertainment","12":"tag-germany","13":"tag-juve-star","14":"tag-mussten","15":"tag-serien","16":"tag-series","17":"tag-sport-tag","18":"tag-trump","19":"tag-unterhaltung"},"share_on_mastodon":{"url":"https:\/\/pubeurope.com\/@de\/114709911544276442","error":""},"_links":{"self":[{"href":"https:\/\/www.europesays.com\/de\/wp-json\/wp\/v2\/posts\/202538","targetHints":{"allow":["GET"]}}],"collection":[{"href":"https:\/\/www.europesays.com\/de\/wp-json\/wp\/v2\/posts"}],"about":[{"href":"https:\/\/www.europesays.com\/de\/wp-json\/wp\/v2\/types\/post"}],"author":[{"embeddable":true,"href":"https:\/\/www.europesays.com\/de\/wp-json\/wp\/v2\/users\/2"}],"replies":[{"embeddable":true,"href":"https:\/\/www.europesays.com\/de\/wp-json\/wp\/v2\/comments?post=202538"}],"version-history":[{"count":0,"href":"https:\/\/www.europesays.com\/de\/wp-json\/wp\/v2\/posts\/202538\/revisions"}],"wp:featuredmedia":[{"embeddable":true,"href":"https:\/\/www.europesays.com\/de\/wp-json\/wp\/v2\/media\/201957"}],"wp:attachment":[{"href":"https:\/\/www.europesays.com\/de\/wp-json\/wp\/v2\/media?parent=202538"}],"wp:term":[{"taxonomy":"category","embeddable":true,"href":"https:\/\/www.europesays.com\/de\/wp-json\/wp\/v2\/categories?post=202538"},{"taxonomy":"post_tag","embeddable":true,"href":"https:\/\/www.europesays.com\/de\/wp-json\/wp\/v2\/tags?post=202538"}],"curies":[{"name":"wp","href":"https:\/\/api.w.org\/{rel}","templated":true}]}}