{"id":202614,"date":"2025-06-19T12:39:10","date_gmt":"2025-06-19T12:39:10","guid":{"rendered":"https:\/\/www.europesays.com\/de\/202614\/"},"modified":"2025-06-19T12:39:10","modified_gmt":"2025-06-19T12:39:10","slug":"wdr-sport-kapitaen-thomas-kennedy-verlaesst-baskets-bonn","status":"publish","type":"post","link":"https:\/\/www.europesays.com\/de\/202614\/","title":{"rendered":"WDR-Sport: Kapit\u00e4n Thomas Kennedy verl\u00e4sst Baskets Bonn"},"content":{"rendered":"<p class=\"metatextline\">Stand: 19.06.2025 13:54 Uhr<\/p>\n<p class=\"textabsatz columns twelve  m-ten  m-offset-one l-eight l-offset-two\">\n        <strong>Nach Topscorer Darius McGhee verlieren die Baskets Bonn auch ihren Kapit\u00e4n. Thomas Kennedy kehrt nicht nach Bonn zur\u00fcck.<\/strong>\n    <\/p>\n<p class=\"textabsatz m-ten m-offset-one l-eight l-offset-two columns twelve\">\nIm Sommer 2023 hatte sich der 2,06 Meter gro\u00dfe Kanadier den Bonner Basketballern angeschlossen, und nun ist f\u00fcr den Center nach zwei Spielzeiten und 86 Partien mit insgesamt 924 Punkten Schluss. Dies teilten die Rheinl\u00e4nder am Mittwoch mit.<\/p>\n<p>    Kennedy als bester Rebounder eine St\u00fctze des Teams<\/p>\n<p class=\"textabsatz m-ten m-offset-one l-eight l-offset-two columns twelve\">\nW\u00e4hrend der 24-J\u00e4hrige den Start der Saison 2023\/2024 wegen einer Knieverletzung noch verpasst hatte, war er in der vergangenen Saison von Beginn an eine wichtige St\u00fctze des Teams und der beste Bonner Rebounder (7,1 Rebounds pro BBL-Partie im Durchschnitt). Baskets-Sportdirektor Savo Milovic zog ein positives Fazit der zweij\u00e4hrigen Zusammenarbeit: &#8222;Wir sind sehr dankbar, dass wir mit Thomas einem wunderbaren Menschen seine erste europ\u00e4ische Station erm\u00f6glichen konnten und glauben, dass er noch einen weiten und erfolgreichen Weg vor sich hat.&#8220;<\/p>\n<ul class=\"buttongroup buttongroup--copytext\">\n<li class=\"buttongroup__item\">\n<p>    <a class=\"btn btn--text btn--standard-secondary btn--fullwidth\" href=\"https:\/\/www1.wdr.de\/sport\/basketball\/baskets-bonn-neuzugang-alijah-comithier-100.html\" rel=\"nofollow noopener\" target=\"_blank\"><br \/>\n        F\u00fcnfter Neuzugang: Baskets verpflichten Fl\u00fcgelspieler Comithier<br \/>\n        Pfeil rechts<\/p>\n<p>    <\/a>\n<\/li>\n<\/ul>\n<p class=\"textabsatz m-ten m-offset-one l-eight l-offset-two columns twelve\">\nSportlich betrachtet verlief die Saison, die der Champions-League-Sieger von 2023 auf Rang 14 beendete, laut Kennedy entt\u00e4uschend. Mit Blick auf das Potenzial der Mannschaft h\u00e4tten alle mehr erwartet. Trotzdem verlasse er &#8222;Bonn mit nichts als Dankbarkeit und gro\u00dfartigen Erinnerungen&#8220;: &#8222;Ich bin hier so sehr gewachsen, auf und neben dem Platz&#8220;, so Kennedy.<\/p>\n<ul class=\"buttongroup buttongroup--copytext\">\n<li class=\"buttongroup__item\">\n<p>    <a class=\"btn btn--text btn--standard-secondary btn--fullwidth\" href=\"https:\/\/www1.wdr.de\/sport\/basketball\/bbl-telekom-baskets-bonn-transfer-cooks-100.html\" rel=\"nofollow noopener\" target=\"_blank\"><br \/>\n        &#8222;Richtige Einstellung&#8220; &#8211; Bonn verpflichtet Aufstiegsheld Cooks<br \/>\n        Pfeil rechts<\/p>\n<p>    <\/a>\n<\/li>\n<\/ul>\n<p>    Bonner Topscorer McGhee wechselt nach Frankreich<\/p>\n<p class=\"textabsatz m-ten m-offset-one l-eight l-offset-two columns twelve\">\nSolche Erinnerungen soll in der kommenden Saison nun Kennedys kanadischer Landsmann Kur Jongkuch sammeln. Der nach Baskets-Angaben ebenfalls 2,06 Meter gro\u00dfe Center hatte zwei Tage vor dem verk\u00fcndeten Abschied des Kapit\u00e4ns einen Vertrag bis 2027 in Bonn unterschrieben. Er kommt vom slowenischen Verein Ilirija Ljubljana. Der 26-J\u00e4hrige soll sich laut Cheftrainer Marko Stankovic &#8222;ideal mit Mike Kessens&#8220; erg\u00e4nzen. <a href=\"https:\/\/www1.wdr.de\/sport\/basketball\/baskets-bonn-transfer-michael-kessens100.html\" title=\"Champions-League-Sieger Kessens kehrt zu Baskets Bonn zur\u00fcck\" class=\"textlink--extern\" target=\"_blank\" rel=\"noopener nofollow\">Die R\u00fcckkehr Kessens, der mit Bonn 2023 die Champions League gewonnen hat, ist seit Anfang Juni in trockenen T\u00fcchern.<\/a><\/p>\n<p class=\"textabsatz m-ten m-offset-one l-eight l-offset-two columns twelve\">\nAm vergangenen Wochenende mussten die Baskets allerdings nach nur einem Jahr ihren Topscorer McGhee (15,5 Punkte im Durchschnitt) ziehen lassen. Der 26-j\u00e4hrige US-Amerikaner wechselt in die erste franz\u00f6sische Liga zu JL Bourg Basket. Seine Saison verlief zwar \u00e4hnlich wechselhaft wie die der gesamten Bonner Mannschaft, aber er sorgte f\u00fcr Highlights: Neben seinen 44 Punkten gegen Oldenburg werden vor allem seine zw\u00f6lf erfolgreichen Drei-Punkte-W\u00fcrfe gegen Chemnitz in Erinnerung bleiben, mit denen er den BBL-Rekord von Hurl Beechum egalisierte. Letzterer spielte \u00fcbrigens auch f\u00fcr Bonn und hatte in der Saison 1998\/1999 zw\u00f6lf Treffer gelandet.<\/p>\n<ul class=\"buttongroup buttongroup--copytext\">\n<li class=\"buttongroup__item\">\n<p>    <a class=\"btn btn--text btn--standard-secondary btn--fullwidth\" href=\"https:\/\/www1.wdr.de\/sport\/basketball\/telekom-baskets-bonn-lars-thiemann-till-pape-100.html\" rel=\"nofollow noopener\" target=\"_blank\"><br \/>\n        Telekom Baskets Bonn: Duo geht &#8211; Birts kommt<br \/>\n        Pfeil rechts<\/p>\n<p>    <\/a>\n<\/li>\n<\/ul>\n<p>                                        <a class=\"backlink__link\" href=\"https:\/\/www1.wdr.de\/sport\/basketball\/bbl-baskets-bonn-kennedy-abgang-100.html\" rel=\"nofollow noopener\" target=\"_blank\"><\/p>\n<p>                                                <img decoding=\"async\" src=\"https:\/\/images.sportschau.de\/image\/9ef70e2e-6dd6-4b18-afd2-7063c40e8939\/AAABlap_yqU\/AAABkZLrr6A\/original\/lra-wdr-logo-100.svg\" alt=\"Westdeutscher Rundfunk\"\/><\/p>\n<p>                                        <\/a><\/p>\n","protected":false},"excerpt":{"rendered":"Stand: 19.06.2025 13:54 Uhr Nach Topscorer Darius McGhee verlieren die Baskets Bonn auch ihren Kapit\u00e4n. Thomas Kennedy kehrt&hellip;\n","protected":false},"author":2,"featured_media":202615,"comment_status":"","ping_status":"","sticky":false,"template":"","format":"standard","meta":{"footnotes":""},"categories":[1842],"tags":[2493,9688,2472,1741,3364,29,30,1209,225],"class_list":{"0":"post-202614","1":"post","2":"type-post","3":"status-publish","4":"format-standard","5":"has-post-thumbnail","7":"category-bonn","8":"tag-basketball","9":"tag-baskets-bonn","10":"tag-bbl","11":"tag-bonn","12":"tag-de","13":"tag-deutschland","14":"tag-germany","15":"tag-nordrhein-westfalen","16":"tag-wdr"},"share_on_mastodon":{"url":"https:\/\/pubeurope.com\/@de\/114710076688436620","error":""},"_links":{"self":[{"href":"https:\/\/www.europesays.com\/de\/wp-json\/wp\/v2\/posts\/202614","targetHints":{"allow":["GET"]}}],"collection":[{"href":"https:\/\/www.europesays.com\/de\/wp-json\/wp\/v2\/posts"}],"about":[{"href":"https:\/\/www.europesays.com\/de\/wp-json\/wp\/v2\/types\/post"}],"author":[{"embeddable":true,"href":"https:\/\/www.europesays.com\/de\/wp-json\/wp\/v2\/users\/2"}],"replies":[{"embeddable":true,"href":"https:\/\/www.europesays.com\/de\/wp-json\/wp\/v2\/comments?post=202614"}],"version-history":[{"count":0,"href":"https:\/\/www.europesays.com\/de\/wp-json\/wp\/v2\/posts\/202614\/revisions"}],"wp:featuredmedia":[{"embeddable":true,"href":"https:\/\/www.europesays.com\/de\/wp-json\/wp\/v2\/media\/202615"}],"wp:attachment":[{"href":"https:\/\/www.europesays.com\/de\/wp-json\/wp\/v2\/media?parent=202614"}],"wp:term":[{"taxonomy":"category","embeddable":true,"href":"https:\/\/www.europesays.com\/de\/wp-json\/wp\/v2\/categories?post=202614"},{"taxonomy":"post_tag","embeddable":true,"href":"https:\/\/www.europesays.com\/de\/wp-json\/wp\/v2\/tags?post=202614"}],"curies":[{"name":"wp","href":"https:\/\/api.w.org\/{rel}","templated":true}]}}