{"id":202692,"date":"2025-06-19T13:21:09","date_gmt":"2025-06-19T13:21:09","guid":{"rendered":"https:\/\/www.europesays.com\/de\/202692\/"},"modified":"2025-06-19T13:21:09","modified_gmt":"2025-06-19T13:21:09","slug":"fruststart-statt-rock-n-roll-xabi-alonso-bemueht-bei-real-madrid-die-ersten-ausreden","status":"publish","type":"post","link":"https:\/\/www.europesays.com\/de\/202692\/","title":{"rendered":"Fruststart statt &#8222;Rock &#8217;n&#8216; Roll&#8220;: Xabi Alonso bem\u00fcht bei Real Madrid die ersten Ausreden"},"content":{"rendered":"<p>                    Fruststart statt &#8222;Rock &#8217;n&#8216; Roll&#8220;<br \/>\n                Xabi Alonso bem\u00fcht bei Real Madrid die ersten Ausreden<\/p>\n<p>\t\t\t\t              19.06.2025, 14:40 Uhr<\/p>\n<p><strong>Xabi Alonsos k\u00f6nigliches Trainerdeb\u00fct endet nicht glorreich. Bei der Klub-WM gibt&#8217;s gegen Al-Hilal nur ein maues Remis. Da hatten sich die Fans von Real Madrid im Hard Rock Stadium deutlich mehr erhofft. Perfektion vom ersten Tag an kann auch der Neue nicht liefern.<\/strong><\/p>\n<p>Xabi Alonso winkte nach einem ersten Interview am Spielfeldrand noch kurz den Real-Fans auf der Trib\u00fcne zu. Dann verschwand er mit z\u00fcgigen Schritten in die klimatisierten Katakomben des Hard Rock Stadiums in Miami. Es war aber nicht nur eine Flucht vor der brutalen Hitze, die auch dem neuen Trainer von Real Madrid in den 100 Minuten inklusive XXL-Nachspielzeit sehr viel abverlangt hatte. Es gab nichts zu jubeln f\u00fcr Alonso, das 1:1 (1:1) gegen Al-Hilal aus Saudi-Arabien war kein k\u00f6nigliches Trainer-Deb\u00fct.<\/p>\n<p>Immerhin hatte der 43-J\u00e4hrige tags zuvor &#8222;Rock &#8217;n&#8216; Roll&#8220; auf dem Rasen angek\u00fcndigt. Doch was Alonso beim Start in die Klub-WM von seinen Fu\u00dfball-Stars wie Jude Bellingham vor 62.415 Zuschauern, die meisten davon in Real-Wei\u00df, zu sehen bekam, blieb vor allem anfangs weit hinter den vom Leverkusener Meister-Coach geweckten Erwartungen zur\u00fcck.<\/p>\n<p>Mbapp\u00e9 krank, R\u00fcdiger nicht fit<\/p>\n<p>Reals Auftritt ohne den erkrankten St\u00fcrmerstar Kylian Mbapp\u00e9 sowie den nach einer Knie-Operation zum Turnierstart noch nicht einsatzf\u00e4higen Nationalspieler Antonio R\u00fcdiger war weder titelreif noch Alonso-like. Dem Nachfolger des gro\u00dfen Carlo Ancelotti blieb nach der mauen Darbietung nichts anderes \u00fcbrig, als im k\u00fchlen Pressekonferenzraum des Stadions um Nachsicht zu bitten. &#8222;Das sind nicht die besten Wettkampfbedingungen und nicht die besten Temperaturen&#8220;, st\u00f6hnte Alonso. Beim Anpfiff waren es 33 Grad im Schatten, den es aber auf dem Platz kaum gab &#8211; und auch nicht in der Coaching Zone.<\/p>\n<p>Alonso bat zudem um Geduld. &#8222;Es ist ein Prozess. Wir k\u00f6nnen nicht Perfektion vom ersten Tag an erwarten.&#8220; Als ehemals erfolgreicher Real-Profi wei\u00df er, dass Geduld das Letzte ist, was ein Trainer bei Real erwarten darf. Auch von ihm wird erwartet, dass er in k\u00fcrzester Zeit, also noch bei dem XXL-Turnier in Amerika, liefert. &#8222;Wir brauchen gute Ergebnisse hier. Aber es ist eine harte Konkurrenz&#8220;, bemerkte Alonso. Der erste Druck ist schon da.<\/p>\n<p>&#8222;Gute Reaktion in der zweiten Halbzeit gesehen&#8220;<\/p>\n<p>Dabei h\u00e4tte zumindest das Ergebnis stimmen k\u00f6nnen. Aber Fede Valverde scheiterte in der Nachspielzeit mit einem Foulelfmeter am stark haltenden Torwart Bono. So blieb es bei den Toren von Youngster Gonzalo Garcia f\u00fcr Real und dem Portugiesen Ruben Neves, der einen Foulelfmeter f\u00fcr den beherzt auftretenden Au\u00dfenseiter aus Riad cool verwandelte. Au\u00dferdem gab es noch einen Lattenschuss des Real-Jungstars Arda G\u00fcler.<\/p>\n<p>Alonso missfiel die Leistung in der ersten H\u00e4lfte. &#8222;Von Frustration&#8220; mochte er trotzdem nicht reden. Der Grund: &#8222;Ich habe eine gute Reaktion in der zweiten Halbzeit gesehen. Das hat mir gefallen.&#8220; In Leverkusen ben\u00f6tigte es auch einige Zeit, bis Alonsos Team perfekten Alonso-Fu\u00dfball zelebrierte. Zufriedener sein durfte Simone Inzaghi am Mittwoch sein. Nur 18 Tage nach dem ersch\u00fctternden 0:5 mit Inter Mailand im Champions-League-Finale gegen Paris Saint-Germain in M\u00fcnchen erlebte der Italiener einen sehr guten Einstand als Chefcoach von Al-Hilal.<\/p>\n<p>&#8222;Ich bewundere Xabi Alonso als Person. Aber er hat heute einen guten Gegner gefunden. Wir waren gef\u00e4hrlich f\u00fcr Real Madrid. Ich bin gl\u00fccklich&#8220;, sagte der 49 Jahre alte Inzaghi, der im K\u00f6nigreich Saudi-Arabien nun viele, viele Millionen verdient. Alonsos Real-Team wird sich derweil steigern m\u00fcssen, um in Gruppe H der Favoritenrolle gerecht zu werden. Angef\u00fchrt wird diese erst einmal von Red Bull Salzburg. Die \u00d6sterreicher besiegten CF Pachuca aus Mexiko mit 2:1.<\/p>\n","protected":false},"excerpt":{"rendered":"Fruststart statt &#8222;Rock &#8217;n&#8216; Roll&#8220; Xabi Alonso bem\u00fcht bei Real Madrid die ersten Ausreden 19.06.2025, 14:40 Uhr Xabi&hellip;\n","protected":false},"author":2,"featured_media":202693,"comment_status":"","ping_status":"","sticky":false,"template":"","format":"standard","meta":{"footnotes":""},"categories":[136],"tags":[29,347,30,62037,3349,265,10057],"class_list":{"0":"post-202692","1":"post","2":"type-post","3":"status-publish","4":"format-standard","5":"has-post-thumbnail","7":"category-sport","8":"tag-deutschland","9":"tag-fussball","10":"tag-germany","11":"tag-klub-wm-2025","12":"tag-real-madrid","13":"tag-sport","14":"tag-xabi-alonso"},"share_on_mastodon":{"url":"https:\/\/pubeurope.com\/@de\/114710241834991089","error":""},"_links":{"self":[{"href":"https:\/\/www.europesays.com\/de\/wp-json\/wp\/v2\/posts\/202692","targetHints":{"allow":["GET"]}}],"collection":[{"href":"https:\/\/www.europesays.com\/de\/wp-json\/wp\/v2\/posts"}],"about":[{"href":"https:\/\/www.europesays.com\/de\/wp-json\/wp\/v2\/types\/post"}],"author":[{"embeddable":true,"href":"https:\/\/www.europesays.com\/de\/wp-json\/wp\/v2\/users\/2"}],"replies":[{"embeddable":true,"href":"https:\/\/www.europesays.com\/de\/wp-json\/wp\/v2\/comments?post=202692"}],"version-history":[{"count":0,"href":"https:\/\/www.europesays.com\/de\/wp-json\/wp\/v2\/posts\/202692\/revisions"}],"wp:featuredmedia":[{"embeddable":true,"href":"https:\/\/www.europesays.com\/de\/wp-json\/wp\/v2\/media\/202693"}],"wp:attachment":[{"href":"https:\/\/www.europesays.com\/de\/wp-json\/wp\/v2\/media?parent=202692"}],"wp:term":[{"taxonomy":"category","embeddable":true,"href":"https:\/\/www.europesays.com\/de\/wp-json\/wp\/v2\/categories?post=202692"},{"taxonomy":"post_tag","embeddable":true,"href":"https:\/\/www.europesays.com\/de\/wp-json\/wp\/v2\/tags?post=202692"}],"curies":[{"name":"wp","href":"https:\/\/api.w.org\/{rel}","templated":true}]}}