{"id":202717,"date":"2025-06-19T13:34:22","date_gmt":"2025-06-19T13:34:22","guid":{"rendered":"https:\/\/www.europesays.com\/de\/202717\/"},"modified":"2025-06-19T13:34:22","modified_gmt":"2025-06-19T13:34:22","slug":"zeche-ewald-in-herten-street-food-festival-kostet-eintritt","status":"publish","type":"post","link":"https:\/\/www.europesays.com\/de\/202717\/","title":{"rendered":"Zeche Ewald in Herten: Street-Food-Festival kostet Eintritt"},"content":{"rendered":"<p>\t\tStreet-Food-Festival auf Zeche Ewald<br \/>\n\t\t\t\t\tZu den Imbisswagen geht\u2019s nur gegen Eintrittsgeb\u00fchr<\/p>\n<p>\t\t<img alt=\"\" src=\"https:\/\/www.europesays.com\/de\/wp-content\/uploads\/2025\/04\/Prause_Oliver_Herten_0701_961.png\"  class=\"avatar avatar-36 photo avatar-default\" height=\"36\" width=\"36\" loading=\"lazy\" decoding=\"async\"\/>\t\t<a class=\"article-author__name\" href=\"https:\/\/www.hertener-allgemeine.de\/author\/oliver-prause\/\" rel=\"author noopener\" target=\"_blank\">Oliver Prause<\/a><br \/>\n\t\tRedakteur<\/p>\n<p>\t19.06.2025 12:00 Uhr<\/p>\n<p>\t\tTeilen<\/p>\n<p>\n\tIn Merkliste \u00fcbernehmen\n<\/p>\n<p>    <a href=\"https:\/\/www.hertener-allgemeine.de\/wp-content\/uploads\/2025\/06\/18\/06\/630_0900_4798776_HAL_Street_Food_Festival_Herten-1648x824.jpg\" target=\"_blank\" rel=\"noopener\"><\/p>\n<p>            <img decoding=\"async\" fetchpriority=\"high\" src=\"https:\/\/www.europesays.com\/de\/wp-content\/uploads\/2025\/06\/630_0900_4798775_HAL_Street_Food_Festival_Herten-640x428.jpg\" width=\"640\" height=\"428\"  alt=\"Ein Mitarbeiter eines Street-Food-Wagens schwenkt eine Pfanne mit einem Nudelgericht.\"\/><\/p>\n<p>    <\/a><br \/>\n    Drei Tage lang gibt es f\u00fcr die G\u00e4ste des Street-Food-Festivals auf der Hertener Zeche Ewald kulinarische K\u00f6stlichkeiten aus aller Welt \u2013 in diesem Fall aus Asien. (Symbolfoto) \u00a9 Bernd von Jutrczenka<\/p>\n<p class=\"article__teaser-text\">Die Zeche Ewald in Herten wird zur kulinarischen Meile. F\u00fcr Feinschmecker gibt es aber einen Haken: Beim Street-Food-Festival ist der Eintritt nicht frei.<\/p>\n<p>1 Min Lesezeit<\/p>\n<p>Street Food ist l\u00e4ngst mehr nur als eine schnelle Zwischenmahlzeit. Manche der auf die Hand servierten Leckereien erf\u00fcllen sogar h\u00f6chste kulinarische Anspr\u00fcche. Mittlerweile gibt es auch Festivals, bei denen zahlreiche Imbisswagen f\u00fcr hungrige G\u00e4ste bereitstehen. Eine Firma aus K\u00f6ln, die damit in vielen NRW-St\u00e4dten aktiv ist, organisiert eine solche Veranstaltung nun auf der Zeche Ewald in <a href=\"https:\/\/www.hertener-allgemeine.de\/herten\/\" data-imported=\"1\" title=\"Herten\" target=\"_blank\" rel=\"noopener\">Herten<\/a>-S\u00fcd.<\/p>\n<p>Ihr Konzept wird allerdings nicht jedem Street-Food-Fan schmecken. Denn er muss nicht nur Geld f\u00fcr die K\u00f6stlichkeiten von insgesamt 29 Street-Food-Anbietern auf dem Doncaster Platz zahlen. Es werden an allen drei Tagen erstmal 4 Euro f\u00e4llig, um \u00fcberhaupt in den Festival-Bereich zu gelangen.<\/p>\n<p>\t\t<a href=\"https:\/\/www.hertener-allgemeine.de\/herten\/herten-zeche-ewald-anwohner-kritik-lautstaerke-verkehrschaos-motorworld-stadt-herten-w1033424-8000993001\/\" rel=\"nofollow noopener\" aria-hidden=\"true\" tabindex=\"-1\" target=\"_blank\"><\/p>\n<p>                <img decoding=\"async\" src=\"https:\/\/www.europesays.com\/de\/wp-content\/uploads\/2025\/06\/630_0900_4760243_Ewald_Feierabendmarkt-160x160.jpg\"  width=\"160\" height=\"160\" alt=\"\" loading=\"lazy\"\/><\/p>\n<p>\t\t<\/a><\/p>\n<p>Nur das Parken ist f\u00fcr G\u00e4ste kostenfrei<\/p>\n<p>Dass es beim Eintritt auch anders \u2013 n\u00e4mlich kostenlos \u2013 geht, zeigte <a href=\"https:\/\/www.hertener-allgemeine.de\/recklinghausen\/kulinaische-weltreise-in-recklinghausen-wir-nehmen-sie-mit-auf-das-street-food-music-festival-w1036128-8000984312\/\" data-imported=\"1\" title=\"Kulinarische Weltreise in Recklinghausen: Eindr\u00fccke vom Street Food &amp; Music Festival\" target=\"_blank\" rel=\"noopener\">ein \u00e4hnlich gelagertes Event Ende Mai in Recklinghausen<\/a>. Immerhin: Das Parken in Herten-S\u00fcd ist kostenfrei auf der Freifl\u00e4che 6, s\u00fcdlich vom Doncaster Platz.<\/p>\n<p>Die G\u00e4ste k\u00f6nnen sich auf der Zeche Ewald auf eine gro\u00dfe Genuss-Vielfalt freuen: \u201eVon veganen Leckerbissen bis hin zu internationalen Klassikern ist f\u00fcr jeden Geschmack etwas dabei\u201c, verspricht der Veranstalter auf seiner Homepage.<\/p>\n<p>Die \u00d6ffnungszeiten des Street-Food-Festivals: Freitag (16 bis 22 Uhr), Samstag (12 bis 22 Uhr) und Sonntag (12 bis 20 Uhr).<\/p>\n<p>\n\t<a href=\"https:\/\/www.hertener-allgemeine.de\" class=\"button button--brand button--link home-button\" target=\"_blank\" rel=\"noopener\">Zur Startseite<\/a><\/p>\n","protected":false},"excerpt":{"rendered":"Street-Food-Festival auf Zeche Ewald Zu den Imbisswagen geht\u2019s nur gegen Eintrittsgeb\u00fchr Oliver Prause Redakteur 19.06.2025 12:00 Uhr Teilen&hellip;\n","protected":false},"author":2,"featured_media":202718,"comment_status":"","ping_status":"","sticky":false,"template":"","format":"standard","meta":{"footnotes":""},"categories":[1848],"tags":[3364,29,548,663,3934,3658,30,13,14,15,1209,12,6185,17186],"class_list":{"0":"post-202717","1":"post","2":"type-post","3":"status-publish","4":"format-standard","5":"has-post-thumbnail","7":"category-gelsenkirchen","8":"tag-de","9":"tag-deutschland","10":"tag-eu","11":"tag-europa","12":"tag-europe","13":"tag-gelsenkirchen","14":"tag-germany","15":"tag-headlines","16":"tag-nachrichten","17":"tag-news","18":"tag-nordrhein-westfalen","19":"tag-schlagzeilen","20":"tag-veranstaltungen-kultur","21":"tag-zeche-ewald"},"share_on_mastodon":{"url":"https:\/\/pubeurope.com\/@de\/114710293035222453","error":""},"_links":{"self":[{"href":"https:\/\/www.europesays.com\/de\/wp-json\/wp\/v2\/posts\/202717","targetHints":{"allow":["GET"]}}],"collection":[{"href":"https:\/\/www.europesays.com\/de\/wp-json\/wp\/v2\/posts"}],"about":[{"href":"https:\/\/www.europesays.com\/de\/wp-json\/wp\/v2\/types\/post"}],"author":[{"embeddable":true,"href":"https:\/\/www.europesays.com\/de\/wp-json\/wp\/v2\/users\/2"}],"replies":[{"embeddable":true,"href":"https:\/\/www.europesays.com\/de\/wp-json\/wp\/v2\/comments?post=202717"}],"version-history":[{"count":0,"href":"https:\/\/www.europesays.com\/de\/wp-json\/wp\/v2\/posts\/202717\/revisions"}],"wp:featuredmedia":[{"embeddable":true,"href":"https:\/\/www.europesays.com\/de\/wp-json\/wp\/v2\/media\/202718"}],"wp:attachment":[{"href":"https:\/\/www.europesays.com\/de\/wp-json\/wp\/v2\/media?parent=202717"}],"wp:term":[{"taxonomy":"category","embeddable":true,"href":"https:\/\/www.europesays.com\/de\/wp-json\/wp\/v2\/categories?post=202717"},{"taxonomy":"post_tag","embeddable":true,"href":"https:\/\/www.europesays.com\/de\/wp-json\/wp\/v2\/tags?post=202717"}],"curies":[{"name":"wp","href":"https:\/\/api.w.org\/{rel}","templated":true}]}}