{"id":202731,"date":"2025-06-19T13:42:09","date_gmt":"2025-06-19T13:42:09","guid":{"rendered":"https:\/\/www.europesays.com\/de\/202731\/"},"modified":"2025-06-19T13:42:09","modified_gmt":"2025-06-19T13:42:09","slug":"tennisprofi-daniel-altmaier-besucht-kinderzentrum-bethel","status":"publish","type":"post","link":"https:\/\/www.europesays.com\/de\/202731\/","title":{"rendered":"Tennisprofi Daniel Altmaier besucht Kinderzentrum Bethel"},"content":{"rendered":"<p class=\"text_ohne_einzug richtext text-em-55 !leading-serif mx-6 desktop:mx-0\">  \u201eDie zweite Turnierwoche bei kommenden Grand Slams ist ab sofort nat\u00fcrlich mein vorrangiges Ziel\u201c, schmunzelt Daniel Altmaier aus <a href=\"https:\/\/rp-online.de\/thema\/kempen\/\" target=\"_blank\" rel=\"noopener\">Kempen<\/a>, der noch sensationell beim zweiten Grand-Slam-Turnier in Roland Garros auf Sand zum zweiten Mal das Achtelfinale erreicht hatte. Nach diesem Erfolg und einer l\u00e4ngeren Pause in heimatlichen Gefilden war der Aufgalopp zur Rasensaison bei den Terra Wortmann Open, einem ATP-500-Turnier im ostwestf\u00e4lischen Halle, indes nur kurz: Der 26-j\u00e4hrige unterlag gleich in der ersten Runde dem Weltranglistenelften Daniil Medvedev aus <a href=\"https:\/\/rp-online.de\/thema\/russland\/\" target=\"_blank\" rel=\"noopener\">Russland<\/a> 3:6, 3:6.<\/p>\n<p class=\"richtext text-em-55 !leading-serif mx-6 desktop:mx-0\">Kurz bevor sich der geb\u00fcrtige Rheinl\u00e4nder auf den Weg Richtung <a href=\"https:\/\/rp-online.de\/thema\/mallorca\/\" target=\"_blank\" rel=\"noopener\">Mallorca<\/a> zur zweiten Wimbledon-Vorbereitung machte, war er noch ganz spontan als Vertreter aller teilnehmenden Tennisprofis bei der Spenden\u00fcbergabe im Kinder- und Jugendzentrum des Evangelischen Klinikums Bethel in <a href=\"https:\/\/rp-online.de\/thema\/bielefeld\/\" target=\"_blank\" rel=\"noopener\">Bielefeld<\/a> im Einsatz. Deutschlands gr\u00f6\u00dftes Rasenturnier, das \u00fcber mehrere Jahrzehnte bislang rund 300.000 Euro vorwiegend zur Neueinrichtung und Modernisierung von Patientenzimmern dort spendete, hatte diesmal einen Scheck von 12.000 Euro im Gep\u00e4ck.<\/p>\n<p class=\"richtext text-em-55 !leading-serif mx-6 desktop:mx-0\">Nach Mallorca ging es dann ohne Umweg \u00fcber die Heimat nonstop nach <a href=\"https:\/\/rp-online.de\/thema\/london\/\" target=\"_blank\" rel=\"noopener\">London<\/a>. Im Vorjahr hatte Altmaier beim 14-t\u00e4gigen, absoluten H\u00f6hepunkt der Rasensaison in <a href=\"https:\/\/rp-online.de\/thema\/wimbledon\/\" target=\"_blank\" rel=\"noopener\">Wimbledon<\/a> erstmals die zweite Runde erreicht. Dort war er gegen Kanadier Denis Shapovalov erst in f\u00fcnf S\u00e4tzen ausgeschieden. \u201eDas gilt es nat\u00fcrlich diesmal zu verbessern\u201c, zeigt sich der Kempener optimistisch.<\/p>\n","protected":false},"excerpt":{"rendered":"\u201eDie zweite Turnierwoche bei kommenden Grand Slams ist ab sofort nat\u00fcrlich mein vorrangiges Ziel\u201c, schmunzelt Daniel Altmaier aus&hellip;\n","protected":false},"author":2,"featured_media":202732,"comment_status":"","ping_status":"","sticky":false,"template":"","format":"standard","meta":{"footnotes":""},"categories":[1841],"tags":[66246,15397,22060,1605,3364,29,30,45834,66245,66248,1209,61738,66247,5698,66249,19642],"class_list":{"0":"post-202731","1":"post","2":"type-post","3":"status-publish","4":"format-standard","5":"has-post-thumbnail","7":"category-bielefeld","8":"tag-altmaier","9":"tag-atp","10":"tag-bethel","11":"tag-bielefeld","12":"tag-de","13":"tag-deutschland","14":"tag-germany","15":"tag-kempen","16":"tag-kinderzentrum","17":"tag-klinikums","18":"tag-nordrhein-westfalen","19":"tag-rasenturnier","20":"tag-terra","21":"tag-turnier","22":"tag-turnierwoche","23":"tag-wortmann"},"share_on_mastodon":{"url":"https:\/\/pubeurope.com\/@de\/114710324405133175","error":""},"_links":{"self":[{"href":"https:\/\/www.europesays.com\/de\/wp-json\/wp\/v2\/posts\/202731","targetHints":{"allow":["GET"]}}],"collection":[{"href":"https:\/\/www.europesays.com\/de\/wp-json\/wp\/v2\/posts"}],"about":[{"href":"https:\/\/www.europesays.com\/de\/wp-json\/wp\/v2\/types\/post"}],"author":[{"embeddable":true,"href":"https:\/\/www.europesays.com\/de\/wp-json\/wp\/v2\/users\/2"}],"replies":[{"embeddable":true,"href":"https:\/\/www.europesays.com\/de\/wp-json\/wp\/v2\/comments?post=202731"}],"version-history":[{"count":0,"href":"https:\/\/www.europesays.com\/de\/wp-json\/wp\/v2\/posts\/202731\/revisions"}],"wp:featuredmedia":[{"embeddable":true,"href":"https:\/\/www.europesays.com\/de\/wp-json\/wp\/v2\/media\/202732"}],"wp:attachment":[{"href":"https:\/\/www.europesays.com\/de\/wp-json\/wp\/v2\/media?parent=202731"}],"wp:term":[{"taxonomy":"category","embeddable":true,"href":"https:\/\/www.europesays.com\/de\/wp-json\/wp\/v2\/categories?post=202731"},{"taxonomy":"post_tag","embeddable":true,"href":"https:\/\/www.europesays.com\/de\/wp-json\/wp\/v2\/tags?post=202731"}],"curies":[{"name":"wp","href":"https:\/\/api.w.org\/{rel}","templated":true}]}}