{"id":203562,"date":"2025-06-19T21:32:18","date_gmt":"2025-06-19T21:32:18","guid":{"rendered":"https:\/\/www.europesays.com\/de\/203562\/"},"modified":"2025-06-19T21:32:18","modified_gmt":"2025-06-19T21:32:18","slug":"judas-priest-in-bad-vilbel-metal-legenden-auf-dem-hessentag","status":"publish","type":"post","link":"https:\/\/www.europesays.com\/de\/203562\/","title":{"rendered":"Judas Priest in Bad Vilbel: Metal-Legenden auf dem Hessentag"},"content":{"rendered":"<p class=\"p1 sm:p1-medium items-start pb-[20px]\" data-selector=\"body-paragraph\" data-external-selector=\"body-elements-paragraph\" data-v-e9f390a5=\"\" data-v-d588441d=\"\">Gr\u00f6\u00dfer k\u00f6nnte der Unterschied zwischen Illusion und Realit\u00e4t an diesem angenehm warmen Fr\u00fchsommerabend nicht sein. W\u00e4hrend die gigantische B\u00fchnenkonstruktion in der Stadtwerke-Arena ohrenbet\u00e4ubende Blitz- und Donnerger\u00e4usche macht und anmutet, als hebe sie gleich wie ein monumentales Raumschiff ins Weltall ab, strahlt am azurblauen Himmel dar\u00fcber friedlich die goldene Abendsonne.<\/p>\n<p class=\"p1 sm:p1-medium items-start pb-[20px]\" data-selector=\"body-paragraph\" data-external-selector=\"body-elements-paragraph\" data-v-e9f390a5=\"\" data-v-d588441d=\"\">Judas Priest, die Veteranen des Heavy Metal mit mehr als einem halben Jahrhundert auf dem von Silbernieten durchzogenen schwarzen Lederbuckel, treten gleich ins Rampenlicht. Zu diesem Zeitpunkt befinden sich ihre fast 8000 Fans schon mittendrin in einem mehrst\u00fcndigen hartmetallischen Stelldichein, das Teil des <a class=\"rtr-entity\" data-rtr-entity=\"Hessentag\" data-rtr-id=\"87ebf4399cc56a87c046bddd0b8af51b3d76b3e4\" data-rtr-score=\"33.68407108044468\" data-rtr-etype=\"keyword\" href=\"https:\/\/www.faz.net\/aktuell\/rhein-main\/thema\/hessentag\" title=\"Hessentag\" rel=\"nofollow noopener\" target=\"_blank\">Hessentags<\/a> ist, dem mehrt\u00e4gigen Volksfest, das das Land Hessen dieses Jahr in der Kleinstadt Bad Vilbel bei Frankfurt ausrichtet.<\/p>\n<p class=\"p1 sm:p1-medium items-start pb-[20px]\" data-selector=\"body-paragraph\" data-external-selector=\"body-elements-paragraph\" data-v-e9f390a5=\"\" data-v-d588441d=\"\">Ein regelrechtes Minifestival des Hard Rock und Heavy Metal hat sich da phonstark vor den Besuchern ausgebreitet und mit riesigen Hintergrundprojektionen f\u00fcr visuelle Reiz\u00fcberflutung gesorgt. Und gleich zwei Formationen haben sich die Pflicht als vergn\u00fcglich kurzweilige Anheizer geteilt. W\u00e4hrend die Familienbande Phil Campbell And The Bastard Sons aus Wales sich stilistisch doch sehr an Mr. Campbells fr\u00fcherem Job bei Mot\u00f6rhead orientieren, erinnern Accept aus Solingen mehr oder minder an AC\/DC in der Bon-Scott-\u00c4ra.<\/p>\n<p>So gut wie fr\u00fcher<\/p>\n<p class=\"p1 sm:p1-medium items-start pb-[20px]\" data-selector=\"body-paragraph\" data-external-selector=\"body-elements-paragraph\" data-v-e9f390a5=\"\" data-v-d588441d=\"\">Letztlich warten aber alle auf den als \u201eMetal God\u201c apostrophierten Wundervokalisten mit der Mehroktavenstimme. Rob Halford, erst 1973 bei den schon 1969 in Birmingham gegr\u00fcndeten Judas Priest eingestiegen, z\u00e4hlt auch schon 73 Lenze. Ein wuchtig buschiger Vollbart ziert das Antlitz des Glatzentr\u00e4gers. An der Nase prangt ein silberner Ring, das Leder, das er am Leib tr\u00e4gt, ist selbstverst\u00e4ndlich handgefertigt.<\/p>\n<p>KI-Artikelchat nutzen<\/p>\n<p>Mit der kostenlosen Registrierung nutzen Sie Vorteile wie den Merkzettel.&#13;<br \/>\n                Dies ist&#13;<br \/>\n                kein Abo und kein Zugang zu FAZ+&#13;<br \/>\n                Artikeln.<\/p>\n<p>Sie haben Zugriff mit Ihrem Digital-Abo.<\/p>\n<p>Vielen Dank f\u00fcr Ihre Registrierung<\/p>\n<p>            <a data-registered-resend=\"\" adobe-track=\"true\"\/><br \/>\n            <a data-loggedin-continue=\"\" adobe-track=\"true\"\/><br \/>\n            <a data-login=\"\" adobe-track=\"true\"\/><br \/>\n            <a data-register=\"\" adobe-track=\"true\"\/><\/p>\n<p class=\"p1 sm:p1-medium items-start pb-[20px]\" data-selector=\"body-paragraph\" data-external-selector=\"body-elements-paragraph\" data-v-e9f390a5=\"\" data-v-d588441d=\"\">Alle drei, vier Songs hetzt Halford, der die B\u00fchnenbretter ohnehin voll nerv\u00f6ser Unruhe von der einen zur anderen Seite durchmisst, in seinen Textilbunker, um mit einer neuen, noch exotischeren Kutte aufzutrumpfen. Der Mummenschanz erweist sich als fast so effektiv und eindrucksvoll wie die noch immer lupenreinen Gesangseinlagen des britischen Stimmwunders.<\/p>\n<p class=\"p1 sm:p1-medium items-start pb-[20px]\" data-selector=\"body-paragraph\" data-external-selector=\"body-elements-paragraph\" data-v-e9f390a5=\"\" data-v-d588441d=\"\">Halford wird gerne als Mr. Judas Priest bezeichnet. Als er sich 1992 bis 2003 eine Auszeit von der Band nahm, sanken ihre Popularit\u00e4tswerte rasch. Von 1992 bis 1996 war sie inaktiv, mit Halfords zeitweiligem Ersatz Tim \u201eRipper\u201c Owens wurden Teile der Anh\u00e4ngerschaft nie richtig warm.<\/p>\n<p class=\"p1 sm:p1-medium items-start pb-[20px]\" data-selector=\"body-paragraph\" data-external-selector=\"body-elements-paragraph\" data-v-e9f390a5=\"\" data-v-d588441d=\"\">Judas Priest, in der Gegenwart komplettiert durch den Bassisten Ian Hill, den Schlagzeuger Scott Travis sowie die beiden E-Gitarristen Richie Faulkner und Andy Sneap, ziehen nahezu schn\u00f6rkellos ein kompaktes 20-Song-Programm aus immerhin 19 Studioalben durch. Wer auf ein pures Best-Of mit s\u00e4mtlichen Hymnen-Granaten gehofft hatte, d\u00fcrfte entt\u00e4uscht sein. Auch im 56. Jahr ihrer Existenz bleiben Judas Priest kompromisslos unangepasst.<\/p>\n<p class=\"p1 sm:p1-medium items-start pb-[20px]\" data-selector=\"body-paragraph\" data-external-selector=\"body-elements-paragraph\" data-v-e9f390a5=\"\" data-v-d588441d=\"\">Zu kurz kommen die Feiernden in der Arena dennoch nicht. Schlie\u00dflich finden sich mit \u201ePainkiller\u201c, \u201eBreaking The Law\u201c und \u201eBetween The Hammer And The Anvil\u201c zumindest einige Fan-Favoriten im Programm. Im Zugaben-Teil weitet sich das Angebot noch aus. Bei \u201eHell Bent For Leather\u201c braust Halford mit schwerem Luxusmotorrad in Rockermanier auf die B\u00fchne. Und auch der finale Ohrwurm \u201eLiving After Midnight\u201c z\u00e4hlt zur Gilde der Klassiker.<\/p>\n","protected":false},"excerpt":{"rendered":"Gr\u00f6\u00dfer k\u00f6nnte der Unterschied zwischen Illusion und Realit\u00e4t an diesem angenehm warmen Fr\u00fchsommerabend nicht sein. W\u00e4hrend die gigantische&hellip;\n","protected":false},"author":2,"featured_media":203563,"comment_status":"","ping_status":"","sticky":false,"template":"","format":"standard","meta":{"footnotes":""},"categories":[1772],"tags":[29,214,30,1779,810,215],"class_list":{"0":"post-203562","1":"post","2":"type-post","3":"status-publish","4":"format-standard","5":"has-post-thumbnail","7":"category-musik","8":"tag-deutschland","9":"tag-entertainment","10":"tag-germany","11":"tag-music","12":"tag-musik","13":"tag-unterhaltung"},"share_on_mastodon":{"url":"https:\/\/pubeurope.com\/@de\/114712172644697845","error":""},"_links":{"self":[{"href":"https:\/\/www.europesays.com\/de\/wp-json\/wp\/v2\/posts\/203562","targetHints":{"allow":["GET"]}}],"collection":[{"href":"https:\/\/www.europesays.com\/de\/wp-json\/wp\/v2\/posts"}],"about":[{"href":"https:\/\/www.europesays.com\/de\/wp-json\/wp\/v2\/types\/post"}],"author":[{"embeddable":true,"href":"https:\/\/www.europesays.com\/de\/wp-json\/wp\/v2\/users\/2"}],"replies":[{"embeddable":true,"href":"https:\/\/www.europesays.com\/de\/wp-json\/wp\/v2\/comments?post=203562"}],"version-history":[{"count":0,"href":"https:\/\/www.europesays.com\/de\/wp-json\/wp\/v2\/posts\/203562\/revisions"}],"wp:featuredmedia":[{"embeddable":true,"href":"https:\/\/www.europesays.com\/de\/wp-json\/wp\/v2\/media\/203563"}],"wp:attachment":[{"href":"https:\/\/www.europesays.com\/de\/wp-json\/wp\/v2\/media?parent=203562"}],"wp:term":[{"taxonomy":"category","embeddable":true,"href":"https:\/\/www.europesays.com\/de\/wp-json\/wp\/v2\/categories?post=203562"},{"taxonomy":"post_tag","embeddable":true,"href":"https:\/\/www.europesays.com\/de\/wp-json\/wp\/v2\/tags?post=203562"}],"curies":[{"name":"wp","href":"https:\/\/api.w.org\/{rel}","templated":true}]}}