{"id":203599,"date":"2025-06-19T21:51:10","date_gmt":"2025-06-19T21:51:10","guid":{"rendered":"https:\/\/www.europesays.com\/de\/203599\/"},"modified":"2025-06-19T21:51:10","modified_gmt":"2025-06-19T21:51:10","slug":"mannheim-starre-schutzvorgaben-blockieren-stadtentwicklung-fdp-mfm-fraktion-fordert-mitsprache-beim-denkmalschutz-mrn-news-de","status":"publish","type":"post","link":"https:\/\/www.europesays.com\/de\/203599\/","title":{"rendered":"Mannheim \u2013 Starre Schutzvorgaben blockieren Stadtentwicklung \u2013 FDP\/MfM-Fraktion fordert Mitsprache beim Denkmalschutz \u2013 \/\/\/ MRN-News.de"},"content":{"rendered":"<p><img loading=\"lazy\" decoding=\"async\" src=\"https:\/\/www.europesays.com\/de\/wp-content\/uploads\/2025\/06\/Gruppenfoto-mit-Koelbl-und-Taubert.jpg\" alt=\"\" width=\"1435\" height=\"1076\" class=\"aligncenter size-full wp-image-589984\"  \/><br \/>Mannheim\/Metropolregion Rhein-Neckar \u2013 Die FDP \/ MfM-Fraktion machte mit dem FDP-Landtagsabgeordneten Friedrich Haag, Bezirksbeir\u00e4ten und Mitgliedern des Kreisvorstandes eine Tour zu einigen wenig attraktiven Geb\u00e4uden in Mannheim,<br \/>die unverhofft unter Denkmalschutz gestellt wurden und somit moderne Stadtentwicklung<br \/>verhindern.<\/p>\n<p>Parkhaus N2: Verhindert neue Stadtbibliothek<br \/>Die Tour begann beim Parkhaus N2. Hier erl\u00e4uterte Birgit Reinemund, Fraktionsvorsitzende: \u201eEs war<br \/>v\u00f6llig unverhofft und schwer nachvollziehbar, dass dieser Betonbau aus den 1960ern als<br \/>Kulturdenkmal unter Denkmalschutz gestellt wurde. Mitten im Planungsprozess f\u00fcr eine neue<br \/>Stadtbibliothek, f\u00fcr den schon viel Geld ausgegeben war. Diese einsame Entscheidung des<br \/>Landesamts f\u00fcr Denkmalpflege nimmt keine R\u00fccksicht auf Kosten, Wirtschaftlichkeit oder<br \/>Stadtentwicklung. In Baden-W\u00fcrttemberg hat die Kommune keinerlei Einflussm\u00f6glichkeit oder<br \/>Mitspracherecht. Eine Aufwertung des ganzen Quadrats in bester Innenstadtlage wird unm\u00f6glich, ein<br \/>Betonklotz in der Stadtmitte muss f\u00fcr alle Ewigkeiten erhalten werden. NRW macht mit der<br \/>\u00c4nderung des Denkmalrechtes vor, dass es auch anders geht und hat den Kommunen mehr<br \/>Mitspracherechte einger\u00e4umt. Wir fordern eine Anpassung des Denkmalschutzgesetzes auch in<br \/>Baden-W\u00fcrttemberg und mehr kommunale Mitsprache, damit sinnvoller Denkmalschutz gef\u00f6rdert,<br \/>aber Stadtentwicklung weiter m\u00f6glich bleibt.\u201c<\/p>\n<p>Stadthaus N1: Verhindert Stadtentwicklung<br \/>Als weiteres Beispiel verhinderter Stadtentwicklung besuchten FDP-Politiker das Stadthaus in N1, ein<br \/>gerade mal 34 Jahre altes Geb\u00e4ude, welches ebenfalls kurz vor einem geplanten Abriss und Neubau<br \/>\u00fcberraschend unter Denkmalschutz gestellt wurde. Dazu Volker Beisel, wohnungspolitischer<br \/>Sprecher der FDP \/ MfM-Fraktion: \u201eIch bin gro\u00dfer Freund der Grundidee des Denkmalschutzes. Wenn<br \/>er aber nicht mehr zum Erhalt sch\u00f6ner und historischer Geb\u00e4ude dient, sondern wenige Jahrzehnte<br \/>alte Baus\u00fcnden f\u00fcr immer im Herzen der Stadt einfriert, dann hat er seinen Zweck verfehlt. Das<br \/>gesamte Geb\u00e4ude hat sich als Fehlkonstruktion erwiesen und gl\u00e4nzt seit Jahren durch Leerst\u00e4nde<br \/>und h\u00e4ufige Mieterwechsel. Jetzt muss es aber durch die Auflage des Denkmalschutzes genauso<br \/>erhalten werden. Ohne R\u00fccksicht auf Kosten und Nutzbarkeit, ohne Abw\u00e4gung oder Einbeziehung<br \/>gew\u00e4hlter politischer Vertreter. Die demokratische Legitimation dieser Entscheidungen fehlt<br \/>g\u00e4nzlich, wenn nicht gew\u00e4hlte B\u00fcrokraten gew\u00e4hlten Kommunalpolitikern einfach Entscheidungen<br \/>vorsetzen!\u201c<\/p>\n<p>Bunker Relaisstra\u00dfe Rheinau: Verhinderte den \u00d6PNV-Ausbau<br \/>Letzte Station war der alte Bunker in Rheinau. Anders als die drei gro\u00dfen Hochbunker in der<br \/>Neckarstadt, Jungbusch und Feudenheim handelt es sich um einen sehr kleinen und wenig<br \/>spektakul\u00e4ren Hochbunker, der als einer von 16 kleinen Bunkern erst in den 2010ern als<br \/>funktionshistorische Einheit einen Denkmalwert attestiert bekommen hat. Die Modernisierung der<br \/>Endhaltestelle der Stra\u00dfenbahn und des Umsteigeknoten zur Bahn mussten komplett neu geplant<br \/>werden durch den denkmalgesch\u00fctzten Hochbunker, inklusive h\u00f6herer Kosten. Ein Abriss des<br \/>Bunkers wurde der Stadt verweigert.<\/p>\n<p>Friedrich Haag, Mitglied des Landtages und Sprecher der FDP\/DVP-Fraktion f\u00fcr Wohnungsbau, sagte<br \/>abschlie\u00dfend: \u201e\u201eDenkmalschutz ist ein berechtigtes Interesse. Es darf aber nicht sein, dass er<br \/>wichtige Stadtentwicklungsprojekte wie in Mannheim verhindert oder stark verz\u00f6gert.<\/p>\n<p>Solche Geb\u00e4ude, z.B. aus den 50er oder 80er Jahren, erf\u00fcllen nun mal nicht mehr die heutigen<br \/>Anforderungen an Technik, Sicherheit oder Platz- und Raumaufteilung. Mit der<br \/>Denkmalschutzeigenschaft wird den Kommunen vom Landesamt f\u00fcr Denkmalschutz jegliche<br \/>Gestaltung zur zukunftsf\u00e4higen Stadtentwicklung genommen und sie bleiben unter Umst\u00e4nden noch<br \/>auf den Kosten sitzen. \u00a0\u00a0<\/p>\n<p>Gerade die \u201aEinzelfallmacht\u2018 der Landesdenkmalbeh\u00f6rde ohne nachvollziehbare Kriterien oder<br \/>fr\u00fchzeitige Einbindung der Kommunen und Investoren gef\u00e4hrdet deren Planungssicherheit.\u201c<\/p>\n<p>Quelle: FDP \/ MfM-Fraktion im Gemeinderat<\/p>\n","protected":false},"excerpt":{"rendered":"Mannheim\/Metropolregion Rhein-Neckar \u2013 Die FDP \/ MfM-Fraktion machte mit dem FDP-Landtagsabgeordneten Friedrich Haag, Bezirksbeir\u00e4ten und Mitgliedern des Kreisvorstandes&hellip;\n","protected":false},"author":2,"featured_media":203600,"comment_status":"","ping_status":"","sticky":false,"template":"","format":"standard","meta":{"footnotes":""},"categories":[1845],"tags":[9779,8546,8684,5587,66417,1634,1739,3364,29,31327,548,663,3934,187,39330,666,26064,30,13,58562,1236,2096,25488,25489,14,14480,66418,2190,15,15151,5206,28951,12,3931,3041,4947,65867,194,2884,2192],"class_list":{"0":"post-203599","1":"post","2":"type-post","3":"status-publish","4":"format-standard","5":"has-post-thumbnail","7":"category-mannheim","8":"tag-stadtmitte","9":"tag-abriss","10":"tag-ausbau","11":"tag-baden","12":"tag-baden-wu00fcrttemberg","13":"tag-baden-wuerttemberg","14":"tag-bahn","15":"tag-de","16":"tag-deutschland","17":"tag-einheit","18":"tag-eu","19":"tag-europa","20":"tag-europe","21":"tag-fdp","22":"tag-feudenheim","23":"tag-geld","24":"tag-gemeinderat","25":"tag-germany","26":"tag-headlines","27":"tag-jungbusch","28":"tag-kommunen","29":"tag-mannheim","30":"tag-metropolregion","31":"tag-metropolregion-rhein-neckar","32":"tag-nachrichten","33":"tag-neckar","34":"tag-neckarstadt","35":"tag-neubau","36":"tag-news","37":"tag-politiker","38":"tag-rhein","39":"tag-rhein-neckar","40":"tag-schlagzeilen","41":"tag-sicherheit","42":"tag-stadt","43":"tag-stadtbibliothek","44":"tag-strau00dfenbahn","45":"tag-technik","46":"tag-tour","47":"tag-wohnungsbau"},"share_on_mastodon":{"url":"","error":"Validation failed: Text character limit of 500 exceeded"},"_links":{"self":[{"href":"https:\/\/www.europesays.com\/de\/wp-json\/wp\/v2\/posts\/203599","targetHints":{"allow":["GET"]}}],"collection":[{"href":"https:\/\/www.europesays.com\/de\/wp-json\/wp\/v2\/posts"}],"about":[{"href":"https:\/\/www.europesays.com\/de\/wp-json\/wp\/v2\/types\/post"}],"author":[{"embeddable":true,"href":"https:\/\/www.europesays.com\/de\/wp-json\/wp\/v2\/users\/2"}],"replies":[{"embeddable":true,"href":"https:\/\/www.europesays.com\/de\/wp-json\/wp\/v2\/comments?post=203599"}],"version-history":[{"count":0,"href":"https:\/\/www.europesays.com\/de\/wp-json\/wp\/v2\/posts\/203599\/revisions"}],"wp:featuredmedia":[{"embeddable":true,"href":"https:\/\/www.europesays.com\/de\/wp-json\/wp\/v2\/media\/203600"}],"wp:attachment":[{"href":"https:\/\/www.europesays.com\/de\/wp-json\/wp\/v2\/media?parent=203599"}],"wp:term":[{"taxonomy":"category","embeddable":true,"href":"https:\/\/www.europesays.com\/de\/wp-json\/wp\/v2\/categories?post=203599"},{"taxonomy":"post_tag","embeddable":true,"href":"https:\/\/www.europesays.com\/de\/wp-json\/wp\/v2\/tags?post=203599"}],"curies":[{"name":"wp","href":"https:\/\/api.w.org\/{rel}","templated":true}]}}