{"id":203611,"date":"2025-06-19T21:57:26","date_gmt":"2025-06-19T21:57:26","guid":{"rendered":"https:\/\/www.europesays.com\/de\/203611\/"},"modified":"2025-06-19T21:57:26","modified_gmt":"2025-06-19T21:57:26","slug":"arminias-minuten-mann-semi-belkahia-hat-beim-dsc-keine-zukunft-mehr","status":"publish","type":"post","link":"https:\/\/www.europesays.com\/de\/203611\/","title":{"rendered":"Arminias Minuten-Mann Semi Belkahia hat beim DSC keine Zukunft mehr"},"content":{"rendered":"<p id=\"absatz1\" class=\"em_text\">Bielefeld. Genau wie Merveille Biankadi hat auch Semi Belkahia keine Zukunft mehr bei Arminia Bielefeld. Der am 30. Juni auslaufende Vertrag des Innenverteidigers wird nicht verl\u00e4ngert. Das hat der Drittligameister am Donnerstag mitgeteilt.<\/p>\n<p id=\"absatz2\" class=\"em_text\">Eine \u00dcberraschung ist diese Entscheidung nicht. In der abgelaufenen Saison verzeichnete der geb\u00fcrtige M\u00fcnchner lediglich einen Einsatz. In der Hinrundenpartie beim FC Hansa Rostock, die Bielefeld mit 1:2 verlor, durfte Belkahia in der Schlussphase eine Minute mitwirken.<\/p>\n<p id=\"absatz4\" class=\"em_text\">Auf die gleiche Spielzeit brachte es der Deutsch-Tunesier auch im DFB-Pokal. Beim Zweitrundenerfolg \u00fcber Union Berlin (2:0) wurde er ebenfalls kurz vor Schluss eingewechselt und spielte eine Minute.<\/p>\n<p>\n        \u00d7\n    <\/p>\n<p>\n            Sie erhalten in wenigen Minuten eine E-Mail zur Best\u00e4tigung Ihrer Anmeldung.\n        <\/p>\n<p>Erst danach ist diese abgeschlossen.<\/p>\n<p>Bitte pr\u00fcfen Sie auch den Spam-Ordner.<\/p>\n<p>\n        \u00d7\n    <\/p>\n<p>\n            Sie haben bisher Ihre E-Mail-Adresse noch nicht best\u00e4tigt.\n        <\/p>\n<p>Erst danach ist diese abgeschlossen.<\/p>\n<p>Bitte pr\u00fcfen Sie auch den Spam-Ordner.<\/p>\n<p>\n        \u00d7\n    <\/p>\n<p>\n            Es ist einen Fehler aufgetreten\n        <\/p>\n<p>Bei Fragen hilft unser Newsletter-Support<\/p>\n<p> Newsletter<\/p>\n<p> DSC Arminia Bielefeld<\/p>\n<p>W\u00f6chentlich alle News rund um Arminia Bielefeld.<\/p>\n<p>                Jetzt anmelden<\/p>\n<p>Belkahia b\u00fc\u00dft bei Arminia fr\u00fch seinen Stammplatz ein<\/p>\n<p class=\"em_text\">Belkahia war im Sommer 2023 als potenzieller neuer Abwehrchef vom TSV 1860 M\u00fcnchen zum damaligen Zweitligaabsteiger geholt worden. Die Erwartungen konnte der heute 26-J\u00e4hrige aber nie erf\u00fcllen. Bis zum zehnten Spieltag der Saison 2023\/24 z\u00e4hlte er unter Trainer Mitch Kniat zum Stammpersonal, fortan fand er kaum noch Ber\u00fccksichtigung (13 Eins\u00e4tze, ein Tor).<\/p>\n<p id=\"absatz6\"><b class=\"bold\">Umbro statt Macron:<\/b> <a href=\"https:\/\/www.nw.de\/sport\/fussball\/dsc_arminia_bielefeld\/24082042_Umbro-statt-Macron-Arminia-Bielefeld-wechselt-den-Ausruester-nun-offiziell.html\" target=\"_blank\" rel=\"noopener\">Arminia Bielefeld wechselt den Ausr\u00fcster<\/a><\/p>\n<p id=\"absatz7\" class=\"em_text\">In der Saison 2024\/25 hatte Belkahia es ab dem 19. Spieltag nicht mehr in den Spieltagskader des Aufsteigers geschafft. \u201eF\u00fcr Semi ist eine Ver\u00e4nderung der richtige Schritt, um seine Karriere erfolgreich fortzusetzen. Wir bedanken uns f\u00fcr seinen Einsatz bei der Arminia und w\u00fcnschen ihm sportlich und privat nur das Beste\u201c, erkl\u00e4rte Sport-Gesch\u00e4ftsf\u00fchrer Michael Mutzel.<\/p>\n<p id=\"absatz8\" class=\"em_text\">Am Mittwoch hatte Arminia mitgeteilt, dass auch der auslaufende Vertrag von Offensivspieler Merveille Biankadi nicht verl\u00e4ngert wird. Offen ist noch, wie es mit Mittelfeldspieler Nassim Boujellab weitergeht. Auch sein Vertrag l\u00e4uft in diesem Sommer aus.<\/p>\n<p id=\"absatz9\"><b class=\"bold\">Lesen Sie auch:<\/b> <a href=\"https:\/\/www.nw.de\/sport\/fussball\/dsc_arminia_bielefeld\/24121405_Arminia-Bielefeld-und-Merveille-Biankadi-gehen-getrennte-Wege.html\" target=\"_blank\" rel=\"noopener\">Arminia Bielefeld und Biankadi gehen getrennte Wege<\/a> <\/p>\n","protected":false},"excerpt":{"rendered":"Bielefeld. Genau wie Merveille Biankadi hat auch Semi Belkahia keine Zukunft mehr bei Arminia Bielefeld. Der am 30.&hellip;\n","protected":false},"author":2,"featured_media":203612,"comment_status":"","ping_status":"","sticky":false,"template":"","format":"standard","meta":{"footnotes":""},"categories":[1841],"tags":[297,2368,49976,1605,3364,29,30,4158,45309,4281,1611,729,1608,66419,734,2381,2380,1613,1209,66420,4279],"class_list":{"0":"post-203611","1":"post","2":"type-post","3":"status-publish","4":"format-standard","5":"has-post-thumbnail","7":"category-bielefeld","8":"tag-1-fc-union-berlin","9":"tag-arminia-bielefeld","10":"tag-arminia-im-pokalfinale","11":"tag-bielefeld","12":"tag-de","13":"tag-deutschland","14":"tag-germany","15":"tag-hansa-rostock","16":"tag-kaderplanung","17":"tag-label_arminia","18":"tag-label_informiere-mich","19":"tag-label_s-50","20":"tag-label_top-news","21":"tag-merveille-biankadi","22":"tag-meta_artikelklasse_nachricht","23":"tag-meta_copyrights_rgowl_freier_mitarbeiter","24":"tag-meta_themen_arminia_bielefeld","25":"tag-meta_userneeds_informieremich","26":"tag-nordrhein-westfalen","27":"tag-semi-belkahia","28":"tag-serie_nlarminia"},"share_on_mastodon":{"url":"https:\/\/pubeurope.com\/@de\/114712270950318883","error":""},"_links":{"self":[{"href":"https:\/\/www.europesays.com\/de\/wp-json\/wp\/v2\/posts\/203611","targetHints":{"allow":["GET"]}}],"collection":[{"href":"https:\/\/www.europesays.com\/de\/wp-json\/wp\/v2\/posts"}],"about":[{"href":"https:\/\/www.europesays.com\/de\/wp-json\/wp\/v2\/types\/post"}],"author":[{"embeddable":true,"href":"https:\/\/www.europesays.com\/de\/wp-json\/wp\/v2\/users\/2"}],"replies":[{"embeddable":true,"href":"https:\/\/www.europesays.com\/de\/wp-json\/wp\/v2\/comments?post=203611"}],"version-history":[{"count":0,"href":"https:\/\/www.europesays.com\/de\/wp-json\/wp\/v2\/posts\/203611\/revisions"}],"wp:featuredmedia":[{"embeddable":true,"href":"https:\/\/www.europesays.com\/de\/wp-json\/wp\/v2\/media\/203612"}],"wp:attachment":[{"href":"https:\/\/www.europesays.com\/de\/wp-json\/wp\/v2\/media?parent=203611"}],"wp:term":[{"taxonomy":"category","embeddable":true,"href":"https:\/\/www.europesays.com\/de\/wp-json\/wp\/v2\/categories?post=203611"},{"taxonomy":"post_tag","embeddable":true,"href":"https:\/\/www.europesays.com\/de\/wp-json\/wp\/v2\/tags?post=203611"}],"curies":[{"name":"wp","href":"https:\/\/api.w.org\/{rel}","templated":true}]}}