{"id":203692,"date":"2025-06-19T22:42:10","date_gmt":"2025-06-19T22:42:10","guid":{"rendered":"https:\/\/www.europesays.com\/de\/203692\/"},"modified":"2025-06-19T22:42:10","modified_gmt":"2025-06-19T22:42:10","slug":"berlin-brandenburg-mann-am-bahnhof-pankow-niedergestochen","status":"publish","type":"post","link":"https:\/\/www.europesays.com\/de\/203692\/","title":{"rendered":"Berlin &#038; Brandenburg: Mann am Bahnhof Pankow niedergestochen"},"content":{"rendered":"<p>                    Berlin &amp; Brandenburg<br \/>\n                Mann am Bahnhof Pankow niedergestochen<\/p>\n<p>\t\t\t\t              19.06.2025, 20:41 Uhr<\/p>\n<p><strong>Am fr\u00fchen Abend kommt es zu einem Streit. Kurz darauf sticht ein Mann auf sein Gegen\u00fcber ein. Der Verletzte geht zu Boden und kommt sp\u00e4ter ins Krankenhaus.<\/strong><\/p>\n<p>Berlin (dpa\/bb) &#8211; Nach einem heftigen Streit am Bahnhof Pankow ist ein Mann am fr\u00fchen Abend niedergestochen worden. Das teilte die Berliner Polizei auf dpa-Anfrage mit. Der Mann, der durch mehrere Stiche verletzt wurde, kam in ein Krankenhaus. Lebensgefahr bestand den Angaben zufolge nicht.\u00a0<\/p>\n<p>Die Polizei nahm einen Tatverd\u00e4chtigen fest. Worum es in der Auseinandersetzung zwischen den beiden M\u00e4nnern ging und warum sie derart eskalierte, war zun\u00e4chst nicht bekannt.<\/p>\n","protected":false},"excerpt":{"rendered":"Berlin &amp; Brandenburg Mann am Bahnhof Pankow niedergestochen 19.06.2025, 20:41 Uhr Am fr\u00fchen Abend kommt es zu einem&hellip;\n","protected":false},"author":2,"featured_media":203693,"comment_status":"","ping_status":"","sticky":false,"template":"","format":"standard","meta":{"footnotes":""},"categories":[1816],"tags":[1960,1958,1959,1957,2037,296,1956,1890,29,30,1980,530],"class_list":{"0":"post-203692","1":"post","2":"type-post","3":"status-publish","4":"format-standard","5":"has-post-thumbnail","7":"category-brandenburg","8":"tag-aktuelle-nachrichten-aus-berlin-und-brandenburg","9":"tag-aktuelle-nachrichten-aus-brandenburg","10":"tag-aktuelle-news-aus-berlin-und-brandenburg","11":"tag-aktuelle-news-aus-brandenburg","12":"tag-bahnhof","13":"tag-berlin","14":"tag-berlin-und-brandenburg","15":"tag-brandenburg","16":"tag-deutschland","17":"tag-germany","18":"tag-mann","19":"tag-pankow"},"share_on_mastodon":{"url":"https:\/\/pubeurope.com\/@de\/114712447862086879","error":""},"_links":{"self":[{"href":"https:\/\/www.europesays.com\/de\/wp-json\/wp\/v2\/posts\/203692","targetHints":{"allow":["GET"]}}],"collection":[{"href":"https:\/\/www.europesays.com\/de\/wp-json\/wp\/v2\/posts"}],"about":[{"href":"https:\/\/www.europesays.com\/de\/wp-json\/wp\/v2\/types\/post"}],"author":[{"embeddable":true,"href":"https:\/\/www.europesays.com\/de\/wp-json\/wp\/v2\/users\/2"}],"replies":[{"embeddable":true,"href":"https:\/\/www.europesays.com\/de\/wp-json\/wp\/v2\/comments?post=203692"}],"version-history":[{"count":0,"href":"https:\/\/www.europesays.com\/de\/wp-json\/wp\/v2\/posts\/203692\/revisions"}],"wp:featuredmedia":[{"embeddable":true,"href":"https:\/\/www.europesays.com\/de\/wp-json\/wp\/v2\/media\/203693"}],"wp:attachment":[{"href":"https:\/\/www.europesays.com\/de\/wp-json\/wp\/v2\/media?parent=203692"}],"wp:term":[{"taxonomy":"category","embeddable":true,"href":"https:\/\/www.europesays.com\/de\/wp-json\/wp\/v2\/categories?post=203692"},{"taxonomy":"post_tag","embeddable":true,"href":"https:\/\/www.europesays.com\/de\/wp-json\/wp\/v2\/tags?post=203692"}],"curies":[{"name":"wp","href":"https:\/\/api.w.org\/{rel}","templated":true}]}}