{"id":203696,"date":"2025-06-19T22:44:13","date_gmt":"2025-06-19T22:44:13","guid":{"rendered":"https:\/\/www.europesays.com\/de\/203696\/"},"modified":"2025-06-19T22:44:13","modified_gmt":"2025-06-19T22:44:13","slug":"wie-berliner-architekten-die-zukunft-entwerfen","status":"publish","type":"post","link":"https:\/\/www.europesays.com\/de\/203696\/","title":{"rendered":"Wie Berliner Architekten die Zukunft entwerfen"},"content":{"rendered":"<p class=\"tspBXlw tspBXlx\">Die Welt ver\u00e4ndert sich, und wer sich nicht trotzig die Augen zuh\u00e4lt, dem bleibt nichts anderes, als sie mitzugestalten. In der Architektur kommen da gleich viele Ebenen zusammen: der Einfluss, den das Bauen wegen seiner <a href=\"https:\/\/www.tagesspiegel.de\/berlin\/berliner-wirtschaft\/berliner-klimaschutz-architektin-wir-sollten-zu-einer-art-neubauscham-kommen-9072991.html?icid=in-text-link_13882063\" class=\"link link--internal\" data-gtm-class=\"article-text-link\" data-gtm-val=\"internal\" target=\"_blank\" rel=\"noopener\">Zement- und M\u00fcllproduktion auf den Klimawandel<\/a> hat. Die sozialen Zusammenk\u00fcnfte, die mit jedem Bauwerk erm\u00f6glicht oder verhindert werden. Und nicht zuletzt die \u00c4sthetik dessen, was uns umgibt. <\/p>\n<p><img decoding=\"async\" src=\"https:\/\/www.europesays.com\/de\/wp-content\/uploads\/2025\/06\/atelier-gardens-in-tempelhof.jpeg\"   alt=\"\" aria-labelledby=\"caption-13883290\" width=\"440\" height=\"330\" loading=\"lazy\" class=\"tspBBj5\"\/> Ein Plakat f\u00fcr den Tag der Architektur. <\/p>\n<p class=\"tspAWia\"> \u00a9 Teresa Roelcke <\/p>\n<p class=\"tspBXlw\">Den Berliner Architektinnen und Architekten ist das ganz offensichtlich bewusst. Gerade haben sie die Vertreterkammer ihrer Kammer neu gew\u00e4hlt. Mit zw\u00f6lf Vertreter:innen sind mehr als ein Viertel der 41 Mitglieder von den Architects for Future, die sich f\u00fcr die Bauwende einsetzen, also klimaschonendes Bauen und Planen.<\/p>\n<p class=\"tspBXlw\">Der neu gew\u00e4hlte Pr\u00e4sident Eike Roswag-Klinge steht f\u00fcr die Forschung an nachhaltigen Baustoffen. Und wenn man besichtigt, was Berliner Architekturb\u00fcros aktuell planen und entwerfen, dann findet man etliche Ideen f\u00fcr die Zukunft. <\/p>\n<p class=\"tspBXlw\">Vieles davon l\u00e4sst sich am Tag der Architektur besichtigen, am 28. und 29. Juni, an dem neue Bauwerke von Berliner B\u00fcros der \u00d6ffentlichkeit zug\u00e4nglich gemacht werden, mit oder ohne F\u00fchrung, und an dem auch viele B\u00fcros selbst ihre T\u00fcren \u00f6ffnen. <\/p>\n<p class=\"tspUez\">Empfohlener redaktioneller Inhalt<\/p>\n<p> An dieser Stelle finden Sie einen von unseren Redakteuren ausgew\u00e4hlten, externen Inhalt, der den Artikel f\u00fcr Sie mit zus\u00e4tzlichen Informationen anreichert. Sie k\u00f6nnen sich hier den externen Inhalt mit einem Klick anzeigen lassen oder wieder ausblenden. <\/p>\n<p> Externen Inhalt anzeigen <\/p>\n<p class=\"tspUe5\"> Ich bin damit einverstanden, dass mir der externe Inhalt angezeigt wird. Damit k\u00f6nnen personenbezogene Daten an Drittplattformen \u00fcbermittelt werden.  Mehr Informationen dazu erhalten Sie in den Datenschutz-Einstellungen. Diese finden Sie ganz unten auf unserer Seite im Footer, sodass Sie Ihre Einstellungen jederzeit verwalten oder widerrufen k\u00f6nnen. <\/p>\n<p><img decoding=\"async\" src=\"https:\/\/www.europesays.com\/de\/wp-content\/uploads\/2025\/06\/kita-lichtenberg.jpeg\"   alt=\"\" aria-labelledby=\"caption-13882588\" width=\"440\" height=\"330\" loading=\"lazy\" class=\"tspBBj5\"\/> Die Kita von Ludloff Ludloff in Lichtenberg ist zirkul\u00e4r gebaut.  <\/p>\n<p class=\"tspAWia\"> \u00a9 Teresa Roelcke <\/p>\n<p class=\"tspBXlw\">Umsehen kann man sich dann zum Beispiel in und um die Kita, die Ludloff Ludloff Architekten im Auftrag des Bezirksamts Lichtenberg in der Gudrunstra\u00dfe gebaut haben. <a href=\"https:\/\/www.tagesspiegel.de\/berlin\/theresa-keilhackers-vision-fur-berlin-2030-an-der-wohnraumfrage-entscheidet-sich-die-zukunft-dieser-stadt-13409401.html?icid=in-text-link_13882063\" class=\"link link--internal\" data-gtm-class=\"article-text-link\" data-gtm-val=\"internal\" target=\"_blank\" rel=\"noopener\">Komplett zirkul\u00e4r<\/a> ist sie gebaut: Quasi alles ist aus Holz, noch nicht einmal verschraubt oder verklebt wurden die Holzteile miteinander. <\/p>\n<p> Neuartiges Bauen mit kleinem Budget <\/p>\n<p class=\"tspBXlw\">Stattdessen sind die einzelnen Holzelemente per Steckverbindungen miteinander verbunden, sodass man sie auch wieder auseinander nehmen und an einem anderen Geb\u00e4ude weiterverwenden k\u00f6nnte. Selbst der Aufzug ist aus Holz.<\/p>\n<p><img decoding=\"async\" src=\"https:\/\/www.europesays.com\/de\/wp-content\/uploads\/2025\/06\/1750373052_786_kita-lichtenberg.jpeg\"   alt=\"\" aria-labelledby=\"caption-13882585\" width=\"440\" height=\"330\" loading=\"lazy\" class=\"tspBBj5\"\/> Alles ist aus Holz zusammengesteckt in der Kita von Ludloff Ludloff in Lichtenberg. <\/p>\n<p class=\"tspAWia\"> \u00a9 Teresa Roelcke <\/p>\n<p class=\"tspBXlw\">\u201eWir hatten daf\u00fcr kein besonderes Budget, sondern es war ein ganz normales \u00f6ffentliches Bauvorhaben\u201c, sagt Architektin Laura Fogarasi-Ludloff. \u201eWir wollten zeigen, dass man auch mit normalem Budget zirkul\u00e4r bauen kann.\u201c<\/p>\n<p class=\"tspBXlw\">Das Kita-Geb\u00e4ude ist nicht nur wegen seiner <a href=\"https:\/\/www.tagesspiegel.de\/berlin\/berliner-wirtschaft\/holz-sonne-zukunft-edeka-eroffnet-nachhaltigen-supermarkt-im-berliner-speckgurtel-12278747.html?icid=in-text-link_13882063\" class=\"link link--internal\" data-gtm-class=\"article-text-link\" data-gtm-val=\"internal\" target=\"_blank\" rel=\"noopener\">klimafreundlichen Bauweise<\/a> besonders, sondern auch durch die r\u00e4umlichen Details, die Nutzungsm\u00f6glichkeiten f\u00fcr die Kinder er\u00f6ffnen: Neben der gro\u00dfen, \u201eoffiziellen\u201c K\u00fcche gibt es zum Beispiel auch eine Kinderk\u00fcche, in der sie selbstst\u00e4ndig Mahlzeiten zubereiten k\u00f6nnen. Und in den Sanit\u00e4rbereichen sind die Wickeltische mit kleinen Treppchen ausgestattet, sodass die Kinder ohne fremde Hilfe hoch und herunter klettern k\u00f6nnen. <\/p>\n<p> Tag der Architektur <\/p>\n<p class=\"tspBXlw\">Am Tag der Architektur k\u00f6nnen am <strong>28. und 29. Juni<\/strong> bundesweit neue Bauwerke und Architekturb\u00fcros besichtigt werden. An vielen Orten gibt es auch F\u00fchrungen. <\/p>\n<p class=\"tspBXlw\">In Berlin gibt es Besichtigungsm\u00f6glichkeiten in allen zw\u00f6lf Bezirken, in einigen F\u00e4llen ist eine vorherige Anmeldung erforderlich. Das Programm finden Sie <a href=\"https:\/\/www.ak-berlin.de\/baukultur\/tag-der-architektur\/?itemsPerPage=200&amp;cHash=f2c46ed16b054969a42b9b2672db279d\" target=\"_blank\" rel=\"noopener\" class=\"link link--external\" data-gtm-class=\"article-text-link\" data-gtm-val=\"external\" aria-describedby=\"message-target-blank\">hier<\/a>.<\/p>\n<p class=\"tspBXlw\">Ein anderes Projekt, das am Tag der Architektur besichtigt werden kann, sind die Atelier Gardens in Tempelhof. Auf dem Gel\u00e4nde der ehemaligen <a href=\"https:\/\/www.tagesspiegel.de\/berlin\/bezirke\/tempelhof-schoeneberg\/mit-widmung-fur-marlene-dietrich-filmfestival-dokumentale-wird-an-traditionsreichem-berliner-drehort-eroffnet-13834534.html?icid=in-text-link_13882063\" class=\"link link--internal\" data-gtm-class=\"article-text-link\" data-gtm-val=\"internal\" target=\"_blank\" rel=\"noopener\">Ufa-Filmstudios<\/a> entsteht aus den Bestandsgeb\u00e4uden ein neuer Gewerbe-Campus, auf dem sich vor allem soziale und nachhaltige Unternehmen ansiedeln sollen. <\/p>\n<p><img decoding=\"async\" src=\"https:\/\/www.europesays.com\/de\/wp-content\/uploads\/2025\/06\/1750373052_685_atelier-gardens-in-tempelhof.jpeg\"   alt=\"\" aria-labelledby=\"caption-13883287\" width=\"440\" height=\"330\" loading=\"lazy\" class=\"tspBBj5\"\/> Blick aufs Tempelhofer Feld vom Dachpavillon der Atelier Gardens aus. <\/p>\n<p class=\"tspAWia\"> \u00a9 Teresa Roelcke <\/p>\n<p class=\"tspBXlw\">Vom Tempelhofer Feld weithin sichtbar ist das Haus 1: ein einst unscheinbares B\u00fcrohaus aus den 1990er-Jahren, das nun in das sonnengelbe Entr\u00e9e-Geb\u00e4ude f\u00fcr den Campus umgewandelt wurde, mit einem neuen Dachpavillon aus Holz, neuen flexiblen B\u00fcrolandschaften im Inneren und einer skulpturalen Metalltreppe au\u00dfen, die selbstverst\u00e4ndlich auch nur geschraubt und nicht geschwei\u00dft ist, damit das Metall auch andernorts weitergenutzt werden kann. Das Regenwasser, das auf dem Holzpavillon auf dem Dach gesammelt wird, sp\u00fclt im Hausinneren die Toiletten durch. <\/p>\n<blockquote class=\"tspB6mo\">\n<p>So ist das, wenn man mit wiederverwendeten Materialien baut:\u00a0Es entsteht ein etwas rougher Charakter.<\/p>\n<\/blockquote>\n<p class=\"tspB6mp\"><strong>Markus Hirschm\u00fcller<\/strong>, Architekt<\/p>\n<p class=\"tspBXlw\">Markus Hirschm\u00fcller vom B\u00fcro Hirschm\u00fcller Schindele Architekten hat die Geb\u00e4udetransformation mit erarbeitet.  Das Architekturb\u00fcro hat inzwischen auch seinen Sitz im gelben Haus. Die Glastrennw\u00e4nde im B\u00fcro und auch die T\u00fcren sind wiederverwendet. <\/p>\n<p> Insgesamt etwas rau <\/p>\n<p class=\"tspBXlw\">Bez\u00fcglich der Glasw\u00e4nde, die au\u00dfen noch mit einem zus\u00e4tzlichen Holzrahmen eingefasst sind, weist Hirschm\u00fcller darauf hin: \u201eDie passen nicht ganz, man sieht hier etwas skurrile Fugen. So ist das, wenn man mit wiederverwendeten Materialien baut: Es entsteht ein etwas rougher Charakter.\u201c Aber genau das wollen sie in ihrem B\u00fcro auch sichtbar machen.<\/p>\n<p class=\"tspBXlw\">Auf den neuen Campus der Atelier Gardens ist k\u00fcrzlich auch das <a href=\"https:\/\/www.tagesspiegel.de\/potsdam\/landeshauptstadt\/baulabor-zum-mitmachen-proto-potsdam-startet-in-die-saison-13617136.html?icid=in-text-link_13882063\" class=\"link link--internal\" data-gtm-class=\"article-text-link\" data-gtm-val=\"internal\" target=\"_blank\" rel=\"noopener\">Bauhaus Erde<\/a> gezogen, ein \u201eThink und Make Tank\u201c, das sich zum Ziel gesetzt hat, nicht nur dazu beizutragen, dass die gebaute Umwelt k\u00fcnftig keine CO\u2082-Schleuder mehr ist, sondern sogar die Emissionen absenkt. <\/p>\n<p class=\"tspBXlw\">Neben B\u00fcror\u00e4umen hat das Bauhaus Erde auch eine Werkstatt auf dem Gel\u00e4nde, und auch sie kann im Rahmen des Tags der Architektur besichtigt werden. <\/p>\n<p><img decoding=\"async\" src=\"https:\/\/www.europesays.com\/de\/wp-content\/uploads\/2025\/06\/werkstatt-des-bauhaus-erde.jpeg\"   alt=\"\" aria-labelledby=\"caption-13883308\" width=\"440\" height=\"330\" loading=\"lazy\" class=\"tspBBj5\"\/> Patricia Jeglitsch forscht in der Werkstatt des Bauhaus\u2019 Erde an neuen Baustoffen. <\/p>\n<p class=\"tspAWia\"> \u00a9 Teresa Roelcke <\/p>\n<p class=\"tspBXlw\">In dieser Werkstatt forscht Patricia Jeglitsch, wissenschaftliche Mitarbeiterin f\u00fcr experimentelle Bauforschung, an innovativen Baumaterialien. Ein Experimentierfeld sind zum Beispiel Lehmbausteine aus Aushub-Material, die komplett recycelt werden k\u00f6nnen. Ein solcher Lehmbausteintyp mit Aushub aus Marzahn wurde bereits zugelassen, berichtet Jeglitsch.<\/p>\n<p class=\"tspBXlw\">Auch in puncto Wohnungen und Wohnungsbau f\u00fchrt der Tag der Architektur einiges vor: In der Kreuzberger Yorckstra\u00dfe zeigt zum Beispiel der Architekt Van Bo Le-Mentzel, wie er mit seiner f\u00fcnfk\u00f6pfigen Familie auf 57 Quadratmetern wohnt \u2013 mit dem Anspruch, dass trotzdem jeder seinen eigenen R\u00fcckzugsort hat. Und in Spandau am Havelufer Quartier ist durch die Planung von Bollinger + Fehlig Architekten eine kleine Siedlung von Townhouses entstanden, unter dem Dach einer denkmalgesch\u00fctzten Scheddachhalle, die weiter genutzt wird. <\/p>\n<p class=\"tspBXlw\">Die Autorin ist Mitglied im Beirat des Tags der Architektur. <\/p>\n","protected":false},"excerpt":{"rendered":"Die Welt ver\u00e4ndert sich, und wer sich nicht trotzig die Augen zuh\u00e4lt, dem bleibt nichts anderes, als sie&hellip;\n","protected":false},"author":2,"featured_media":203697,"comment_status":"","ping_status":"","sticky":false,"template":"","format":"standard","meta":{"footnotes":""},"categories":[1825],"tags":[2250,3535,296,29,30,3491,952,1952,56,529,5004,528,16811,2192],"class_list":{"0":"post-203696","1":"post","2":"type-post","3":"status-publish","4":"format-standard","5":"has-post-thumbnail","7":"category-berlin","8":"tag-architektur","9":"tag-bauwerk","10":"tag-berlin","11":"tag-deutschland","12":"tag-germany","13":"tag-kita","14":"tag-klimawandel","15":"tag-lichtenberg","16":"tag-marzahn-hellersdorf","17":"tag-spandau","18":"tag-staedtebau","19":"tag-tempelhof-schoeneberg","20":"tag-tempelhofer-feld","21":"tag-wohnungsbau"},"share_on_mastodon":{"url":"https:\/\/pubeurope.com\/@de\/114712455789338789","error":""},"_links":{"self":[{"href":"https:\/\/www.europesays.com\/de\/wp-json\/wp\/v2\/posts\/203696","targetHints":{"allow":["GET"]}}],"collection":[{"href":"https:\/\/www.europesays.com\/de\/wp-json\/wp\/v2\/posts"}],"about":[{"href":"https:\/\/www.europesays.com\/de\/wp-json\/wp\/v2\/types\/post"}],"author":[{"embeddable":true,"href":"https:\/\/www.europesays.com\/de\/wp-json\/wp\/v2\/users\/2"}],"replies":[{"embeddable":true,"href":"https:\/\/www.europesays.com\/de\/wp-json\/wp\/v2\/comments?post=203696"}],"version-history":[{"count":0,"href":"https:\/\/www.europesays.com\/de\/wp-json\/wp\/v2\/posts\/203696\/revisions"}],"wp:featuredmedia":[{"embeddable":true,"href":"https:\/\/www.europesays.com\/de\/wp-json\/wp\/v2\/media\/203697"}],"wp:attachment":[{"href":"https:\/\/www.europesays.com\/de\/wp-json\/wp\/v2\/media?parent=203696"}],"wp:term":[{"taxonomy":"category","embeddable":true,"href":"https:\/\/www.europesays.com\/de\/wp-json\/wp\/v2\/categories?post=203696"},{"taxonomy":"post_tag","embeddable":true,"href":"https:\/\/www.europesays.com\/de\/wp-json\/wp\/v2\/tags?post=203696"}],"curies":[{"name":"wp","href":"https:\/\/api.w.org\/{rel}","templated":true}]}}