{"id":203730,"date":"2025-06-19T23:02:18","date_gmt":"2025-06-19T23:02:18","guid":{"rendered":"https:\/\/www.europesays.com\/de\/203730\/"},"modified":"2025-06-19T23:02:18","modified_gmt":"2025-06-19T23:02:18","slug":"robert-schroeder-brennt-wie-eine-fackel","status":"publish","type":"post","link":"https:\/\/www.europesays.com\/de\/203730\/","title":{"rendered":"Robert Schr\u00f6der \u201ebrennt wie eine Fackel\u201c"},"content":{"rendered":"<p>So lief die Trainerfindung beim HFC ab\u00a0Daniel Meyer schw\u00e4rmt vom neuen Coach: Zimmermann-Nachfolger Robert Schr\u00f6der \u201ebrennt wie eine Fackel\u201c<\/p>\n<p class=\"fp-article-heading__excerpt text-lg\">Mit Robert Schr\u00f6der hat der Hallesche FC eine mutige Trainerwahl getroffen. Sportchef Daniel Meyer erkl\u00e4rt, wie es dazu kam und verr\u00e4t, wie das erste Treffen von Schr\u00f6der mit Sascha Pr\u00fcfer abgelaufen ist.<\/p>\n<p>Von Fabian W\u00f6lfling 19.06.2025, 20:00<\/p>\n","protected":false},"excerpt":{"rendered":"So lief die Trainerfindung beim HFC ab\u00a0Daniel Meyer schw\u00e4rmt vom neuen Coach: Zimmermann-Nachfolger Robert Schr\u00f6der \u201ebrennt wie eine&hellip;\n","protected":false},"author":2,"featured_media":203731,"comment_status":"","ping_status":"","sticky":false,"template":"","format":"standard","meta":{"footnotes":""},"categories":[1860],"tags":[3364,29,548,663,3934,30,4062,17332,13,14,15,17331,860,12],"class_list":{"0":"post-203730","1":"post","2":"type-post","3":"status-publish","4":"format-standard","5":"has-post-thumbnail","7":"category-halle-saale","8":"tag-de","9":"tag-deutschland","10":"tag-eu","11":"tag-europa","12":"tag-europe","13":"tag-germany","14":"tag-halle","15":"tag-halle-saale","16":"tag-headlines","17":"tag-nachrichten","18":"tag-news","19":"tag-saale","20":"tag-sachsen-anhalt","21":"tag-schlagzeilen"},"share_on_mastodon":{"url":"https:\/\/pubeurope.com\/@de\/114712526438590957","error":""},"_links":{"self":[{"href":"https:\/\/www.europesays.com\/de\/wp-json\/wp\/v2\/posts\/203730","targetHints":{"allow":["GET"]}}],"collection":[{"href":"https:\/\/www.europesays.com\/de\/wp-json\/wp\/v2\/posts"}],"about":[{"href":"https:\/\/www.europesays.com\/de\/wp-json\/wp\/v2\/types\/post"}],"author":[{"embeddable":true,"href":"https:\/\/www.europesays.com\/de\/wp-json\/wp\/v2\/users\/2"}],"replies":[{"embeddable":true,"href":"https:\/\/www.europesays.com\/de\/wp-json\/wp\/v2\/comments?post=203730"}],"version-history":[{"count":0,"href":"https:\/\/www.europesays.com\/de\/wp-json\/wp\/v2\/posts\/203730\/revisions"}],"wp:featuredmedia":[{"embeddable":true,"href":"https:\/\/www.europesays.com\/de\/wp-json\/wp\/v2\/media\/203731"}],"wp:attachment":[{"href":"https:\/\/www.europesays.com\/de\/wp-json\/wp\/v2\/media?parent=203730"}],"wp:term":[{"taxonomy":"category","embeddable":true,"href":"https:\/\/www.europesays.com\/de\/wp-json\/wp\/v2\/categories?post=203730"},{"taxonomy":"post_tag","embeddable":true,"href":"https:\/\/www.europesays.com\/de\/wp-json\/wp\/v2\/tags?post=203730"}],"curies":[{"name":"wp","href":"https:\/\/api.w.org\/{rel}","templated":true}]}}