{"id":203881,"date":"2025-06-20T00:28:38","date_gmt":"2025-06-20T00:28:38","guid":{"rendered":"https:\/\/www.europesays.com\/de\/203881\/"},"modified":"2025-06-20T00:28:38","modified_gmt":"2025-06-20T00:28:38","slug":"angeblich-verhaspelt-kuchentv-soll-16-000-euro-strafe-zahlen","status":"publish","type":"post","link":"https:\/\/www.europesays.com\/de\/203881\/","title":{"rendered":"Angeblich verhaspelt: KuchenTV soll 16.000 Euro Strafe zahlen"},"content":{"rendered":"<p>        <img decoding=\"async\" src=\"https:\/\/www.europesays.com\/de\/wp-content\/uploads\/2025\/06\/kuchentv-100.webp\" alt=\"Tim Heldt bei der Premiere des Kinofilms 'Krass Klassenfahrt - Der Kinofilm' im Zoo Palast.\" title=\"Tim Heldt bei der Premiere des Kinofilms 'Krass Klassenfahrt - Der Kinofilm' im Zoo Palast. | picture alliance, Nicole Kubelka\/Geisler-Fotopress\" class=\"responsive\"\/><\/p>\n<p>\n            Stand: 19.06.2025 23:14 Uhr<\/p>\n<p class=\"preface\">Der bekannte Streamer KuchenTV soll 16.000 Euro Strafe zahlen: Die Staatsanwaltschaft ist \u00fcberzeugt, dass der Braunschweiger Kennzeichen verfassungswidriger Organisationen verwendet hat.<\/p>\n<p class=\"\">\nDie Vorw\u00fcrfe kreisen um einen Twitch-Live\u00fcbertragung aus dem vergangenen Jahr, einen Ausschnitt hat der Streamer unl\u00e4ngst selbst auf X (fr\u00fcher: Twitter) gepostet. Darin verwendet Tim Heldt, wie der Streamer eigentlich hei\u00dft, eine Formulierung, die als &#8222;Sieg Heil&#8220; verstanden werden kann. Auf Bestreben der f\u00fcr Internetkriminalit\u00e4t zust\u00e4ndigen Staatsanwaltschaft G\u00f6ttingen ist Heldt nun ein Strafbefehl zugestellt worden, wie das Amtsgericht Braunschweig dem NDR Niedersachsen best\u00e4tigte. Heldt soll demnach 16.000 Euro Strafe wegen des Verwendens von Kennzeichen verfassungswidriger Organisationen zahlen. Zuerst hatte die &#8222;Braunschweiger Zeitung&#8220; berichtet.<\/p>\n<p>    Influencer will sich verhaspelt haben<\/p>\n<p class=\"\">\nDer laut Zeitungsbericht 30-J\u00e4hrige, dem allein auf Youtube knapp 1,2 Millionen Menschen folgen, bestreitet die Vorw\u00fcrfe. Er habe sich verhaspelt, als er &#8222;Qualit\u00e4t&#8220; sagen wollte, schrieb er auf X. Mittlerweile hat Heldt Einspruch gegen den Strafbefehl eingelegt, wie auch das Amtsgericht best\u00e4tigte. Auf X warf er der Polizei weiter vor, es gehe ihr nur um Schaden an anderen Personen. Gewinne er das nun anstehende Verfahren, werde er trotzdem die Anwaltskosten nicht komplett erstattet bekommen, beklagte Heldt weiter.<\/p>\n<p>    Bereits wegen Volksverhetzung verurteilt<\/p>\n<p class=\"\">\nF\u00fcr die Staatsanwaltschaft G\u00f6ttingen ist Heldt kein Unbekannter: Er sei mehrfach rechtskr\u00e4ftig verurteilt worden, unter anderem wegen Volksverhetzung, sagte ein Sprecher dem NDR Niedersachsen. An einem Versprecher will die Staatsanwaltschaft deshalb nicht glauben. &#8222;Wir gehen aufgrund der einschl\u00e4gigen Vorstrafen davon aus, dass es kein Zufall war, sondern absolute Absicht&#8220;, so der Sprecher. Sollte Heldt freigesprochen werden, trage die Landeskasse die Verfahrenskosten und die notwendigen Auslagen f\u00fcr Anw\u00e4lte, betonte der Sprecher au\u00dferdem.<\/p>\n<p>        <img decoding=\"async\" src=\"https:\/\/www.europesays.com\/de\/wp-content\/uploads\/2025\/06\/landgericht608.webp\" alt=\"Der Schriftzug &quot;Landgericht Braunschweig&quot; ist neben dem Niedersachsen-Wappen auf einem Schild am Haupteingangsbereich zum Landgericht Braunschweig zu lesen.\" title=\"Der Schriftzug &quot;Landgericht Braunschweig&quot; ist neben dem Niedersachsen-Wappen auf einem Schild am Haupteingangsbereich zum Landgericht Braunschweig zu lesen. | picture alliance\/dpa\/Moritz Frankenberg, Moritz Frankenberg\" class=\"responsive\" loading=\"lazy\"\/><\/p>\n<p>Das hat das Landgericht Braunschweig entschieden. Der Streamer soll zuvor gegen Richtlinien des Online-Dienstes versto\u00dfen haben.<\/p>\n","protected":false},"excerpt":{"rendered":"Stand: 19.06.2025 23:14 Uhr Der bekannte Streamer KuchenTV soll 16.000 Euro Strafe zahlen: Die Staatsanwaltschaft ist \u00fcberzeugt, dass&hellip;\n","protected":false},"author":2,"featured_media":203882,"comment_status":"","ping_status":"","sticky":false,"template":"","format":"standard","meta":{"footnotes":""},"categories":[1850],"tags":[6429,3364,29,548,663,3934,30,13,153,66487,66486,14,15,1411,770,12,1997],"class_list":{"0":"post-203881","1":"post","2":"type-post","3":"status-publish","4":"format-standard","5":"has-post-thumbnail","7":"category-braunschweig","8":"tag-braunschweig","9":"tag-de","10":"tag-deutschland","11":"tag-eu","12":"tag-europa","13":"tag-europe","14":"tag-germany","15":"tag-headlines","16":"tag-influencer","17":"tag-internetkriminalitaet","18":"tag-kuchentv","19":"tag-nachrichten","20":"tag-news","21":"tag-niedersachsen","22":"tag-rechtsextremismus","23":"tag-schlagzeilen","24":"tag-staatsanwaltschaft"},"share_on_mastodon":{"url":"https:\/\/pubeurope.com\/@de\/114712864682015735","error":""},"_links":{"self":[{"href":"https:\/\/www.europesays.com\/de\/wp-json\/wp\/v2\/posts\/203881","targetHints":{"allow":["GET"]}}],"collection":[{"href":"https:\/\/www.europesays.com\/de\/wp-json\/wp\/v2\/posts"}],"about":[{"href":"https:\/\/www.europesays.com\/de\/wp-json\/wp\/v2\/types\/post"}],"author":[{"embeddable":true,"href":"https:\/\/www.europesays.com\/de\/wp-json\/wp\/v2\/users\/2"}],"replies":[{"embeddable":true,"href":"https:\/\/www.europesays.com\/de\/wp-json\/wp\/v2\/comments?post=203881"}],"version-history":[{"count":0,"href":"https:\/\/www.europesays.com\/de\/wp-json\/wp\/v2\/posts\/203881\/revisions"}],"wp:featuredmedia":[{"embeddable":true,"href":"https:\/\/www.europesays.com\/de\/wp-json\/wp\/v2\/media\/203882"}],"wp:attachment":[{"href":"https:\/\/www.europesays.com\/de\/wp-json\/wp\/v2\/media?parent=203881"}],"wp:term":[{"taxonomy":"category","embeddable":true,"href":"https:\/\/www.europesays.com\/de\/wp-json\/wp\/v2\/categories?post=203881"},{"taxonomy":"post_tag","embeddable":true,"href":"https:\/\/www.europesays.com\/de\/wp-json\/wp\/v2\/tags?post=203881"}],"curies":[{"name":"wp","href":"https:\/\/api.w.org\/{rel}","templated":true}]}}