{"id":204177,"date":"2025-06-20T03:23:48","date_gmt":"2025-06-20T03:23:48","guid":{"rendered":"https:\/\/www.europesays.com\/de\/204177\/"},"modified":"2025-06-20T03:23:48","modified_gmt":"2025-06-20T03:23:48","slug":"pol-ka-ka-stadt-und-landkreis-karlsruhe-polizei-beendet-trunkenheitsfahrten-im","status":"publish","type":"post","link":"https:\/\/www.europesays.com\/de\/204177\/","title":{"rendered":"POL-KA: (KA) Stadt- und Landkreis Karlsruhe &#8211; Polizei beendet Trunkenheitsfahrten im &#8230;"},"content":{"rendered":"<p class=\"date\">18.06.2025 \u2013 10:46<\/p>\n<p class=\"customer\">\n                        <a class=\"story-customer\" title=\"weiter zum newsroom von Polizeipr\u00e4sidium Karlsruhe\" href=\"https:\/\/www.presseportal.de\/blaulicht\/nr\/110972\" rel=\"nofollow noopener\" target=\"_blank\">Polizeipr\u00e4sidium Karlsruhe<\/a>\n                    <\/p>\n<p><a data-category=\"citylink-story-view\" data-action=\"click\" data-label=\"Citylink in Meldungsansicht\" class=\"story-city event-trigger\" href=\"https:\/\/www.presseportal.de\/regional\/Karlsruhe\" title=\"News aus Karlsruhe \" rel=\"nofollow noopener\" target=\"_blank\">Karlsruhe<\/a> (ots)<\/p>\n<p>Vom 16. &#8211; 22. Juni 2025 finden im Rahmen der europaweiten ROADPOL Kontrollwoche im Polizeipr\u00e4sidium Karlsruhe verst\u00e4rkt Kontrollen zur Bek\u00e4mpfung und Verhinderung von &#8222;Alkohol und Drogen&#8220; im Stra\u00dfenverkehr statt.<\/p>\n<p>In der Nacht auf Mittwoch stoppten Polizeibeamte zwei offenbar alkoholisierte Autofahrer und verhinderten damit wohl Schlimmeres.<\/p>\n<p>Nach derzeitigen Erkenntnissen war am Dienstagabend gegen 20:45 Uhr ein 48-j\u00e4hriger VW-Fahrer in der Kammerfortstra\u00dfe in Bruchsal unterwegs, als er einer Streife der Bereitschaftspolizei Bruchsal wegen seines ungew\u00f6hnlichen Fahrverhaltens auffiel. Der Mann hatte offenbar Schwierigkeiten beim Anfahren und bewegte sich nur sehr langsam vorw\u00e4rts.<\/p>\n<p>Bei der anschlie\u00dfenden Verkehrskontrolle entdeckten die Beamten mehrere, leere Schnapsflaschen im Fahrzeuginneren. Ein Atemalkoholtest ergab einen Wert von etwa 3 Promille.<\/p>\n<p>Ein paar Stunden sp\u00e4ter, gegen 02:10 Uhr \u00fcberpr\u00fcften Einsatzkr\u00e4fte des Polizeireviers Karlsruhe-Marktplatz einen 31-j\u00e4hrigen SEAT-Fahrer in der Erzbergerstra\u00dfe in Karlsruhe, nachdem er beinahe von der Fahrbahn abgekommen war und auffallend langsam fuhr.<\/p>\n<p>Auch hier best\u00e4tigte ein Atemalkoholtest den Verdacht &#8211; der gemessene Wert lag bei rund 1,2 Promille.<\/p>\n<p>Die Beamten untersagten beiden Fahrzeugf\u00fchrern die Weiterfahrt, nahmen die Fahrzeugschl\u00fcssel in Verwahrung und stellten die F\u00fchrerscheine sicher.<\/p>\n<p>Die beiden M\u00e4nner m\u00fcssen nun mit einer Strafanzeige wegen Trunkenheit im Verkehr sowie einem Fahrverbot rechnen.<\/p>\n<p>Anna Breite-Diehl, Pressestelle<\/p>\n<p class=\"contact-headline\">R\u00fcckfragen bitte an:<\/p>\n<p class=\"contact-text\">Polizeipr\u00e4sidium Karlsruhe<br \/>Telefon: 0721 666-1111<br \/>E-Mail: <a href=\"https:\/\/www.presseportal.de\/blaulicht\/pm\/110972\/mailto: pressestelle.ka@polizei.bwl.de\" class=\"uri-mailto\" rel=\"nofollow noopener\" target=\"_blank\"> pressestelle.ka@polizei.bwl.de<\/a><br \/><a target=\"_blank\" class=\"uri-ext outbound\" rel=\"noopener nofollow\" href=\"http:\/\/www.polizei-bw.de\/\">http:\/\/www.polizei-bw.de\/<\/a><\/p>\n<p class=\"originator\">Original-Content von: Polizeipr\u00e4sidium Karlsruhe, \u00fcbermittelt durch news aktuell<\/p>\n","protected":false},"excerpt":{"rendered":"18.06.2025 \u2013 10:46 Polizeipr\u00e4sidium Karlsruhe Karlsruhe (ots) Vom 16. &#8211; 22. Juni 2025 finden im Rahmen der europaweiten&hellip;\n","protected":false},"author":2,"featured_media":108,"comment_status":"","ping_status":"","sticky":false,"template":"","format":"standard","meta":{"footnotes":""},"categories":[1844],"tags":[1634,6187,3364,29,30,8903,177,121,178,180,179,181],"class_list":{"0":"post-204177","1":"post","2":"type-post","3":"status-publish","4":"format-standard","5":"has-post-thumbnail","7":"category-karlsruhe","8":"tag-baden-wuerttemberg","9":"tag-bw","10":"tag-de","11":"tag-deutschland","12":"tag-germany","13":"tag-karlsruhe","14":"tag-kriminalitt","15":"tag-polizei","16":"tag-presse","17":"tag-pressemeldung","18":"tag-pressemitteilung","19":"tag-pressemitteilungen"},"share_on_mastodon":{"url":"https:\/\/pubeurope.com\/@de\/114713556673190489","error":""},"_links":{"self":[{"href":"https:\/\/www.europesays.com\/de\/wp-json\/wp\/v2\/posts\/204177","targetHints":{"allow":["GET"]}}],"collection":[{"href":"https:\/\/www.europesays.com\/de\/wp-json\/wp\/v2\/posts"}],"about":[{"href":"https:\/\/www.europesays.com\/de\/wp-json\/wp\/v2\/types\/post"}],"author":[{"embeddable":true,"href":"https:\/\/www.europesays.com\/de\/wp-json\/wp\/v2\/users\/2"}],"replies":[{"embeddable":true,"href":"https:\/\/www.europesays.com\/de\/wp-json\/wp\/v2\/comments?post=204177"}],"version-history":[{"count":0,"href":"https:\/\/www.europesays.com\/de\/wp-json\/wp\/v2\/posts\/204177\/revisions"}],"wp:featuredmedia":[{"embeddable":true,"href":"https:\/\/www.europesays.com\/de\/wp-json\/wp\/v2\/media\/108"}],"wp:attachment":[{"href":"https:\/\/www.europesays.com\/de\/wp-json\/wp\/v2\/media?parent=204177"}],"wp:term":[{"taxonomy":"category","embeddable":true,"href":"https:\/\/www.europesays.com\/de\/wp-json\/wp\/v2\/categories?post=204177"},{"taxonomy":"post_tag","embeddable":true,"href":"https:\/\/www.europesays.com\/de\/wp-json\/wp\/v2\/tags?post=204177"}],"curies":[{"name":"wp","href":"https:\/\/api.w.org\/{rel}","templated":true}]}}