{"id":204194,"date":"2025-06-20T03:34:13","date_gmt":"2025-06-20T03:34:13","guid":{"rendered":"https:\/\/www.europesays.com\/de\/204194\/"},"modified":"2025-06-20T03:34:13","modified_gmt":"2025-06-20T03:34:13","slug":"krieg-russische-drohne-zerstoert-vierstoeckiges-wohnhaus","status":"publish","type":"post","link":"https:\/\/www.europesays.com\/de\/204194\/","title":{"rendered":"Krieg | Russische Drohne zerst\u00f6rt vierst\u00f6ckiges Wohnhaus"},"content":{"rendered":"<p>Newsblog zum Ukraine-Krieg <\/p>\n<p>Russische Drohne zerst\u00f6rt vierst\u00f6ckiges Wohnhaus<\/p>\n<p>Aktualisiert am 20.06.2025 &#8211; 05:13 UhrLesedauer: 16 Min.<\/p>\n<p><a href=\"#focus-0\" class=\"transition-colors duration-200 focus-within:text-magenta block text-current relative\" data-sctrack=\"FocusGalleryImage.Reference\"><img fetchpriority=\"high\" data-testid=\"Opener.Image\" style=\"--lqipURL:url('https:\/\/images.t-online.de\/2025\/06\/NZ487xzxNEzc\/0x645:960x540\/fit-in\/150x0\/filters:blur(25)\/ein-haus-in-odessa-brennt-nach-einem-russischen-drohnenangriff-lichterloh.jpg')\"   loading=\"eager\" src=\"https:\/\/www.europesays.com\/de\/wp-content\/uploads\/2025\/06\/ein-haus-in-odessa-brennt-nach-einem-russischen-drohnenangriff-lichterloh.jpg\" alt=\"Ein Haus in Odessa brennt nach einem russischen Drohnenangriff lichterloh.\" title=\"Ein Haus in Odessa brennt nach einem russischen Drohnenangriff lichterloh.\" width=\"960\" height=\"540\" class=\"bg-[url:var(--lqipURL)] bg-cover bg-center flex h-full w-full max-w-full\" decoding=\"async\"\/><img style=\"--width:32;--height:32\" loading=\"lazy\" src=\"https:\/\/www.t-online.de\/s\/paper\/_next\/static\/media\/zoom-in.f7dae02f.svg\" alt=\"Vergr\u00f6\u00dfern des Bildes\" title=\"Vergr\u00f6\u00dfern des Bildes\" class=\"block h-[calc(var(--height)_\/_16_*_1rem)] w-[calc(var(--width)_\/_16_*_1rem)] max-w-none absolute bottom-8 right-8 rounded-4 bg-snow p-8\" decoding=\"async\"\/><\/a><\/p>\n<p>Ein Haus in Odessa brennt nach einem russischen Drohnenangriff lichterloh. (Quelle: Hennadiy Trukhanov\/Telegram)<\/p>\n<p><a rel=\"nofollow noopener\" target=\"_blank\" class=\"transition-colors duration-200 cursor-pointer text-inherit no-underline group grid items-center rounded-8 bg-whitelilac text-black grid-cols-[min-content_34px] gap-8 px-8 py-[6px] text-12 hover:bg-magenta hover:text-whitelilac hover:dark:text-salemsfur\" href=\"https:\/\/news.google.com\/publications\/CAAiEIJQzYzeY7hM4UzfQTU6gT8qFAgKIhCCUM2M3mO4TOFM30E1OoE_?hl=de&amp;gl=DE&amp;ceid=DE%3Ade\" aria-label=\"Auf Google News folgen\">News folgen<\/a><img style=\"--width:16;--height:16\" loading=\"lazy\" src=\"https:\/\/www.t-online.de\/s\/paper\/_next\/static\/media\/sharing-menu-icon.1eb71368.svg\" alt=\"Teilen Menu auf machen\" title=\"Teilen Menu auf machen\" class=\"block h-[calc(var(--height)_\/_16_*_1rem)] w-[calc(var(--width)_\/_16_*_1rem)] max-w-none group-hover:contrast-200 group-hover:grayscale group-hover:invert dark:group-hover:invert dark:contrast-200 dark:grayscale dark:invert\" decoding=\"async\"\/>Artikel teilen<\/p>\n<p class=\"font-bold text-18 leading-17\">Selenskyj fordert ein Vorgehen gegen Russland, Iran und Nordkorea. Beim Austausch von Gefallenen gab es einen Fehler. Alle Entwicklungen im Newsblog.<\/p>\n<p class=\"text-18 leading-17\">In Odessa sind nach dem Einschlag einer russischen Kampfdrohne in ein vierst\u00f6ckiges Wohnhaus B\u00f6den und W\u00e4nde eingest\u00fcrzt. M\u00f6glicherweise sind Menschen unter den Tr\u00fcmmern gefangen. Wie die ukrainische Nachrichtenagentur Ukrinform berichtet, gab B\u00fcrgermeister Hennadiy Trukhanov dies auf Telegram bekannt. &#8222;Als Folge eines Drohnenangriffs ist ein Gro\u00dfbrand ausgebrochen, der ein vierst\u00f6ckiges Wohnhaus buchst\u00e4blich zerst\u00f6rt hat&#8220;, schrieb er. Nach Angaben des B\u00fcrgermeisters sind die B\u00f6den und W\u00e4nde des Geb\u00e4udes eingest\u00fcrzt, und m\u00f6glicherweise sind Menschen unter den Tr\u00fcmmern gefangen. &#8222;Die Rettungsdienste sind im Einsatz&#8220;, so Trukhanov.<\/p>\n<p class=\"text-18 leading-17\">Der russische Angriff, den Rettungsdienste als &#8222;massiv&#8220; bezeichneten, erfolgte gegen ein Uhr nachts Ortszeit. Die Angriffsdrohnen trafen \u00fcber 10 Ziele, darunter sieben Wohngeb\u00e4ude, und f\u00fchrten zu mehreren Gro\u00dfbr\u00e4nden. Bei einem der Angriffe geriet auch ein 23-st\u00f6ckiges Wohngeb\u00e4ude zwischen dem 18. und 20. Stockwerk in Brand, woraufhin \u00fcber 600 Menschen evakuiert werden mussten.<\/p>\n<p class=\"text-18 leading-17\"><strong class=\"font-bold\">Donnerstag, 19. Juni 2025<\/strong><\/p>\n<p class=\"text-18 leading-17\">Der ukrainische Pr\u00e4sident <a class=\"transition-colors duration-200 cursor-pointer text-inherit no-underline text-salemsfur md:hover:text-magenta md:hover:border-magenta md:focus:text-magenta border-current border-b border-solid break-words\" href=\"https:\/\/www.t-online.de\/themen\/wolodymyr-selenskyj\/\" data-sctrack=\"BodyAnchor\" rel=\"nofollow noopener\" target=\"_blank\">Wolodymyr Selenskyj<\/a> hat zu gemeinsamem internationalem Vorgehen gegen die Achse aus <a class=\"transition-colors duration-200 cursor-pointer text-inherit no-underline text-salemsfur md:hover:text-magenta md:hover:border-magenta md:focus:text-magenta border-current border-b border-solid break-words\" href=\"https:\/\/www.t-online.de\/themen\/russland\/\" data-sctrack=\"BodyAnchor\" rel=\"nofollow noopener\" target=\"_blank\">Russland<\/a>, dem <a class=\"transition-colors duration-200 cursor-pointer text-inherit no-underline text-salemsfur md:hover:text-magenta md:hover:border-magenta md:focus:text-magenta border-current border-b border-solid break-words\" href=\"https:\/\/www.t-online.de\/themen\/iran\/\" data-sctrack=\"BodyAnchor\" rel=\"nofollow noopener\" target=\"_blank\">Iran<\/a> und <a class=\"transition-colors duration-200 cursor-pointer text-inherit no-underline text-salemsfur md:hover:text-magenta md:hover:border-magenta md:focus:text-magenta border-current border-b border-solid break-words\" href=\"https:\/\/www.t-online.de\/themen\/nordkorea\/\" data-sctrack=\"BodyAnchor\" rel=\"nofollow noopener\" target=\"_blank\">Nordkorea<\/a> aufgerufen. &#8222;Jetzt versucht Russland, das iranische Atomprogramm zu retten &#8211; anders kann man die \u00f6ffentlichen Signale und die nicht-\u00f6ffentlichen Aktivit\u00e4ten nicht deuten&#8220;, sagte Selenskyj in <a class=\"transition-colors duration-200 cursor-pointer text-inherit no-underline text-salemsfur md:hover:text-magenta md:hover:border-magenta md:focus:text-magenta border-current border-b border-solid break-words\" href=\"https:\/\/www.t-online.de\/themen\/kiew\/\" data-sctrack=\"BodyAnchor\" rel=\"nofollow noopener\" target=\"_blank\">Kiew<\/a>.<\/p>\n<p class=\"text-18 leading-17\">Immer, wenn ein Partner Russlands unter Druck gerate, versuche <a class=\"transition-colors duration-200 cursor-pointer text-inherit no-underline text-salemsfur md:hover:text-magenta md:hover:border-magenta md:focus:text-magenta border-current border-b border-solid break-words\" href=\"https:\/\/www.t-online.de\/themen\/moskau\/\" data-sctrack=\"BodyAnchor\" rel=\"nofollow noopener\" target=\"_blank\">Moskau<\/a> zu intervenieren. Es m\u00fcsse verhindert werden, dass solch aggressive Staaten sich zusammenschlie\u00dfen. Der russische Pr\u00e4sident <a class=\"transition-colors duration-200 cursor-pointer text-inherit no-underline text-salemsfur md:hover:text-magenta md:hover:border-magenta md:focus:text-magenta border-current border-b border-solid break-words\" href=\"https:\/\/www.t-online.de\/themen\/wladimir-putin\/\" data-sctrack=\"BodyAnchor\" rel=\"nofollow noopener\" target=\"_blank\">Wladimir Putin<\/a> hat angeboten, dass Russland eine friedliche Atom-Nutzung im Iran sicherstellen k\u00f6nnte, um die bef\u00fcrchtete nukleare Bewaffnung zu vermeiden.<\/p>\n<p>Russland schickt tote Russen statt Ukrainer zur\u00fcck<\/p>\n<p class=\"text-18 leading-17\">Die <a class=\"transition-colors duration-200 cursor-pointer text-inherit no-underline text-salemsfur md:hover:text-magenta md:hover:border-magenta md:focus:text-magenta border-current border-b border-solid break-words\" href=\"https:\/\/www.t-online.de\/themen\/ukraine\/\" data-sctrack=\"BodyAnchor\" rel=\"nofollow noopener\" target=\"_blank\">Ukraine<\/a> hat bei einem Leichenaustausch mit Russland auch tote russische Soldaten erhalten. Das teilte der ukrainische Innenminister Ihor Klymenko in einem Beitrag auf Telegram mit, \u00fcber den der &#8222;Focus&#8220; zuerst berichtete. Demnach habe Russland nicht nur ukrainische Gefallene, sondern auch eigene Tote an die Ukraine \u00fcberstellt. Fotos zeigten den angeblichen Wehrpass und die Identifikationsmarke eines toten russischen Soldaten aus dem Wehrkreis Moskau, der an die Ukraine \u00fcbergeben worden sei. Unabh\u00e4ngige Best\u00e4tigungen dazu gab es nicht.<\/p>\n<p class=\"text-18 leading-17\">Wie viele russische Leichen darunter waren, sagte Klymenko nicht. &#8222;Der Feind erschwert uns absichtlich die Identifizierung der Toten, stiftet Chaos und vermischt die Leichen der russischen Soldaten mit denen der Ukrainer&#8220;, schrieb der Minister auf Telegram. Russland hatte der Ukraine mehr als 6.000 Leichen \u00fcbergeben, w\u00e4hrend Moskau von der ukrainischen Seite mehr als 50 Tote erhielt. Die R\u00fcckf\u00fchrung war Teil eines in <a class=\"transition-colors duration-200 cursor-pointer text-inherit no-underline text-salemsfur md:hover:text-magenta md:hover:border-magenta md:focus:text-magenta border-current border-b border-solid break-words\" href=\"https:\/\/www.t-online.de\/themen\/istanbul\/\" data-sctrack=\"BodyAnchor\" rel=\"nofollow noopener\" target=\"_blank\">Istanbul<\/a> vereinbarten humanit\u00e4ren Austauschs.<\/p>\n<p class=\"text-18 leading-17\">Klymenko zufolge k\u00f6nnte die russische Regierung mit dem Vorgehen Zahlungen an Hinterbliebene umgehen wollen. F\u00fcr gefallene Soldaten erhalten Angeh\u00f6rige in Russland eine hohe Geldsumme. &#8222;Aber die Zahlung wird trotzdem erfolgen m\u00fcssen: Wir geben diese Leichen zur\u00fcck&#8220;, erkl\u00e4rte Klymenko. Er warf Russland vor, seine eigenen Soldaten als &#8222;Material&#8220; zu behandeln.<\/p>\n<p>Selenskyj ernennt neuen Heereskommandeur<\/p>\n<p class=\"text-18 leading-17\">Der ukrainische Pr\u00e4sident Wolodymyr Selenskyj hat den Brigadegeneral Hennadij Schapowalow zum neuen Kommandeur der Bodentruppen des von Russland angegriffenen Landes ernannt. Die Pr\u00e4sidialverwaltung in Kiew ver\u00f6ffentlichte den entsprechenden Erlass. Schapowalow war nach Angaben des Portals &#8222;Kyiv Independent&#8220; zuletzt Verbindungsoffizier in dem Nato-Stab in <a class=\"transition-colors duration-200 cursor-pointer text-inherit no-underline text-salemsfur md:hover:text-magenta md:hover:border-magenta md:focus:text-magenta border-current border-b border-solid break-words\" href=\"https:\/\/www.t-online.de\/themen\/wiesbaden\/\" data-sctrack=\"BodyAnchor\" rel=\"nofollow noopener\" target=\"_blank\">Wiesbaden<\/a> gewesen, der Milit\u00e4rhilfe f\u00fcr die Ukraine koordiniert.<\/p>\n<p><a href=\"#focus-1\" class=\"transition-colors duration-200 focus-within:text-magenta block text-current relative\" data-sctrack=\"FocusGalleryImage.Reference\"><img   loading=\"lazy\" src=\"https:\/\/www.europesays.com\/de\/wp-content\/uploads\/2025\/06\/selenskyj-will-eine-halbierung-des-preises-fuer-russisches-oel-durchsetzen-archivbild.jpg\" alt=\"Ukraine-Krieg - Selenskyj\" title=\"Ukraine-Krieg - Selenskyj\" width=\"1605\" height=\"903\" class=\"h-full w-full max-w-full rounded-8\" decoding=\"async\"\/><img style=\"--width:32;--height:32\" loading=\"lazy\" src=\"https:\/\/www.t-online.de\/s\/paper\/_next\/static\/media\/zoom-in.f7dae02f.svg\" alt=\"Vergr\u00f6\u00dfern des Bildes\" title=\"Vergr\u00f6\u00dfern des Bildes\" class=\"block h-[calc(var(--height)_\/_16_*_1rem)] w-[calc(var(--width)_\/_16_*_1rem)] max-w-none absolute bottom-8 right-8 rounded-4 bg-snow p-8\" decoding=\"async\"\/>Wolodymyr Selenskyj: Der ukrainische Pr\u00e4sident hat einen Brigadegeneral bef\u00f6rdert.(Archivbild) (Quelle: Evgeniy Maloletka\/AP\/dpa\/dpa-bilder)<\/a><\/p>\n<p class=\"text-18 leading-17\">Die Umbesetzung im Heer wurde notwendig, nachdem der bisherige Kommandeur Mychajlo Drapatyj Anfang Juni um Entlassung gebeten hatte. Er \u00fcbernahm die Verantwortung f\u00fcr den Tod von zw\u00f6lf Soldaten. Sie waren bei einem russischen Raketenangriff auf einen Truppen\u00fcbungsplatz im Gebiet Dnipropetrowsk ums Leben gekommen.<\/p>\n","protected":false},"excerpt":{"rendered":"Newsblog zum Ukraine-Krieg Russische Drohne zerst\u00f6rt vierst\u00f6ckiges Wohnhaus Aktualisiert am 20.06.2025 &#8211; 05:13 UhrLesedauer: 16 Min. Ein Haus&hellip;\n","protected":false},"author":2,"featured_media":204195,"comment_status":"","ping_status":"","sticky":false,"template":"","format":"standard","meta":{"footnotes":""},"categories":[4012],"tags":[1217,326,6079,522,331,332,346,29,1479,548,663,53474,775,13,66530,66529,65520,345,145,8332,5793,6376,308,14,15,3129,885,18223,307,12,6075,317,28370,306,107],"class_list":{"0":"post-204194","1":"post","2":"type-post","3":"status-publish","4":"format-standard","5":"has-post-thumbnail","7":"category-ukraine","8":"tag-1217","9":"tag-326","10":"tag-6079","11":"tag-522","12":"tag-aktuelle-nachrichten","13":"tag-aktuelle-news","14":"tag-atomprogramm","15":"tag-deutschland","16":"tag-drohnenangriff","17":"tag-eu","18":"tag-europa","19":"tag-focus","20":"tag-friedrich-merz","21":"tag-headlines","22":"tag-hennadij-schapowalow","23":"tag-hennadiy-trukhanov","24":"tag-ihor-klymenko","25":"tag-iran","26":"tag-istanbul","27":"tag-kaja-kalla","28":"tag-kiew","29":"tag-kursk","30":"tag-moskau","31":"tag-nachrichten","32":"tag-news","33":"tag-newsblog","34":"tag-nordkorea","35":"tag-odessa","36":"tag-russland","37":"tag-schlagzeilen","38":"tag-telegram","39":"tag-ukraine","40":"tag-waleri-gerassimow","41":"tag-wladimir-putin","42":"tag-wolodymyr-selenskyj"},"share_on_mastodon":{"url":"https:\/\/pubeurope.com\/@de\/114713596096846850","error":""},"_links":{"self":[{"href":"https:\/\/www.europesays.com\/de\/wp-json\/wp\/v2\/posts\/204194","targetHints":{"allow":["GET"]}}],"collection":[{"href":"https:\/\/www.europesays.com\/de\/wp-json\/wp\/v2\/posts"}],"about":[{"href":"https:\/\/www.europesays.com\/de\/wp-json\/wp\/v2\/types\/post"}],"author":[{"embeddable":true,"href":"https:\/\/www.europesays.com\/de\/wp-json\/wp\/v2\/users\/2"}],"replies":[{"embeddable":true,"href":"https:\/\/www.europesays.com\/de\/wp-json\/wp\/v2\/comments?post=204194"}],"version-history":[{"count":0,"href":"https:\/\/www.europesays.com\/de\/wp-json\/wp\/v2\/posts\/204194\/revisions"}],"wp:featuredmedia":[{"embeddable":true,"href":"https:\/\/www.europesays.com\/de\/wp-json\/wp\/v2\/media\/204195"}],"wp:attachment":[{"href":"https:\/\/www.europesays.com\/de\/wp-json\/wp\/v2\/media?parent=204194"}],"wp:term":[{"taxonomy":"category","embeddable":true,"href":"https:\/\/www.europesays.com\/de\/wp-json\/wp\/v2\/categories?post=204194"},{"taxonomy":"post_tag","embeddable":true,"href":"https:\/\/www.europesays.com\/de\/wp-json\/wp\/v2\/tags?post=204194"}],"curies":[{"name":"wp","href":"https:\/\/api.w.org\/{rel}","templated":true}]}}