{"id":20421,"date":"2025-04-10T08:44:15","date_gmt":"2025-04-10T08:44:15","guid":{"rendered":"https:\/\/www.europesays.com\/de\/20421\/"},"modified":"2025-04-10T08:44:15","modified_gmt":"2025-04-10T08:44:15","slug":"sek-stuermt-hochhaus-in-kettwig-zwei-maenner-festgenommen","status":"publish","type":"post","link":"https:\/\/www.europesays.com\/de\/20421\/","title":{"rendered":"SEK st\u00fcrmt Hochhaus in Kettwig \u2013 zwei M\u00e4nner festgenommen"},"content":{"rendered":"<p>Zwei M\u00e4nner mit Augenbinden abgef\u00fchrt <\/p>\n<p>SEK st\u00fcrmt Hochhaus in Kettwig<\/p>\n<p>10.04.2025 &#8211; 09:14 UhrLesedauer: 1 Min.<\/p>\n<p><a href=\"#focus-0\" class=\"transition-colors duration-200 focus-within:text-magenta block text-current relative\" data-sctrack=\"FocusGalleryImage.Reference\"><img fetchpriority=\"high\" data-testid=\"Opener.Image\" style=\"--lqipURL:url('https:\/\/images.t-online.de\/2025\/04\/d0C7iXsIVLuL\/0x209:4000x2250\/fit-in\/150x0\/filters:blur(25)\/image.jpg')\"   loading=\"eager\" src=\"https:\/\/www.europesays.com\/de\/wp-content\/uploads\/2025\/04\/1744274654_885_image.jpg\" alt=\"Ein Mitarbeiter des SEK steht in den fr\u00fchen Morgenstunden auf der Stra\u00dfe: In Essen-Kettwig hat es am Donnerstag einen Einsatz gegeben.\" title=\"Ein Mitarbeiter des SEK steht in den fr\u00fchen Morgenstunden auf der Stra\u00dfe: In Essen-Kettwig hat es am Donnerstag einen Einsatz gegeben.\" width=\"4000\" height=\"2250\" class=\"bg-[url:var(--lqipURL)] bg-cover bg-center flex w-full max-w-full h-full\" decoding=\"async\"\/><img style=\"--width:32;--height:32\" loading=\"lazy\" src=\"https:\/\/www.europesays.com\/de\/wp-content\/uploads\/2025\/03\/zoom-in.f7dae02f.svg.svg+xml\" alt=\"Vergr\u00f6\u00dfern des Bildes\" title=\"Vergr\u00f6\u00dfern des Bildes\" class=\"&#10;        block&#10;        h-[calc(var(--height)_\/_16_*_1rem)]&#10;        w-[calc(var(--width)_\/_16_*_1rem)]&#10;        max-w-none&#10;        absolute bottom-8 right-8 rounded-4 bg-snow p-8\" decoding=\"async\"\/><\/a><\/p>\n<p>Ein Mitarbeiter des SEK steht in den fr\u00fchen Morgenstunden auf der Stra\u00dfe: In Essen-Kettwig hat es am Donnerstag einen Einsatz gegeben. (Quelle: Justin Brosch)<\/p>\n<p class=\"font-bold text-18 leading-17\">In Essen-Kettwig durchbricht ein Knall die morgendliche Stille. SEK-Beamte st\u00fcrmen eine Wohnung und nehmen zwei M\u00e4nner fest. Die Hintergr\u00fcnde sind unklar,<\/p>\n<p class=\"text-18 leading-17\">Ein lauter Knall durchbrach die morgendliche Stille am Donnerstag in einer Wohnsiedlung in Essen-Kettwig. Viele Anwohner schreckten aus dem Schlaf hoch. Kurz nach Sonnenaufgang st\u00fcrmten schwer bewaffnete SEK-Beamte eine Wohnung im Dachgeschoss eines Hochhauses an der Nahestra\u00dfe.<\/p>\n<p class=\"text-18 leading-17\">Das Ziel des Zugriffs waren zwei M\u00e4nner, die sich zu diesem Zeitpunkt in der Wohnung aufhielten. Beide wurden noch vor Ort festgenommen, wie ein Reporter berichtet. Sie trugen Augenbinden, um jegliche Orientierung zu verhindern, und wurden von zivil gekleideten Einsatzkr\u00e4ften abgef\u00fchrt.<\/p>\n<p class=\"text-18 leading-17\">Ein Polizeihund durchk\u00e4mmte anschlie\u00dfend sowohl die durchsuchte Wohnung als auch ein vor dem Geb\u00e4ude geparktes Fahrzeug. Ob dabei Beweismaterial sichergestellt wurde, ist bisher nicht bekannt.<\/p>\n<p class=\"text-18 leading-17\">Die Leitung des Einsatzes hat die Polizei <a class=\"transition-colors duration-200 cursor-pointer text-inherit no-underline text-salemsfur md:hover:text-magenta md:hover:border-magenta md:focus:text-magenta border-current border-b border-solid break-words\" href=\"https:\/\/www.t-online.de\/themen\/recklinghausen\/\" data-sctrack=\"BodyAnchor\" target=\"_blank\" rel=\"noopener\">Recklinghausen<\/a> \u00fcbernommen. Zu den konkreten Hintergr\u00fcnden des Einsatzes \u00e4u\u00dferte sich diese bislang nicht.<\/p>\n","protected":false},"excerpt":{"rendered":"Zwei M\u00e4nner mit Augenbinden abgef\u00fchrt SEK st\u00fcrmt Hochhaus in Kettwig 10.04.2025 &#8211; 09:14 UhrLesedauer: 1 Min. Ein Mitarbeiter&hellip;\n","protected":false},"author":2,"featured_media":20422,"comment_status":"","ping_status":"","sticky":false,"template":"","format":"standard","meta":{"footnotes":""},"categories":[1834],"tags":[4656,3364,29,3688,30,1209,176,121,3856],"class_list":{"0":"post-20421","1":"post","2":"type-post","3":"status-publish","4":"format-standard","5":"has-post-thumbnail","7":"category-essen","8":"tag-kettwig","9":"tag-de","10":"tag-deutschland","11":"tag-essen","12":"tag-germany","13":"tag-nordrhein-westfalen","14":"tag-nrw","15":"tag-polizei","16":"tag-ruhrgebiet"},"share_on_mastodon":{"url":"https:\/\/pubeurope.com\/@de\/114312790893402631","error":""},"_links":{"self":[{"href":"https:\/\/www.europesays.com\/de\/wp-json\/wp\/v2\/posts\/20421","targetHints":{"allow":["GET"]}}],"collection":[{"href":"https:\/\/www.europesays.com\/de\/wp-json\/wp\/v2\/posts"}],"about":[{"href":"https:\/\/www.europesays.com\/de\/wp-json\/wp\/v2\/types\/post"}],"author":[{"embeddable":true,"href":"https:\/\/www.europesays.com\/de\/wp-json\/wp\/v2\/users\/2"}],"replies":[{"embeddable":true,"href":"https:\/\/www.europesays.com\/de\/wp-json\/wp\/v2\/comments?post=20421"}],"version-history":[{"count":0,"href":"https:\/\/www.europesays.com\/de\/wp-json\/wp\/v2\/posts\/20421\/revisions"}],"wp:featuredmedia":[{"embeddable":true,"href":"https:\/\/www.europesays.com\/de\/wp-json\/wp\/v2\/media\/20422"}],"wp:attachment":[{"href":"https:\/\/www.europesays.com\/de\/wp-json\/wp\/v2\/media?parent=20421"}],"wp:term":[{"taxonomy":"category","embeddable":true,"href":"https:\/\/www.europesays.com\/de\/wp-json\/wp\/v2\/categories?post=20421"},{"taxonomy":"post_tag","embeddable":true,"href":"https:\/\/www.europesays.com\/de\/wp-json\/wp\/v2\/tags?post=20421"}],"curies":[{"name":"wp","href":"https:\/\/api.w.org\/{rel}","templated":true}]}}