{"id":204216,"date":"2025-06-20T03:45:12","date_gmt":"2025-06-20T03:45:12","guid":{"rendered":"https:\/\/www.europesays.com\/de\/204216\/"},"modified":"2025-06-20T03:45:12","modified_gmt":"2025-06-20T03:45:12","slug":"guten-morgen-duisburg-radio-duisburg-newsletter-19","status":"publish","type":"post","link":"https:\/\/www.europesays.com\/de\/204216\/","title":{"rendered":"Guten Morgen Duisburg \u2013 Radio Duisburg Newsletter"},"content":{"rendered":"<p>Nachrichten f\u00fcr Duisburg<\/p>\n<p><a href=\"https:\/\/www.radioduisburg.de\/artikel\/a42-sperrung-seilpruefung-an-rheinbruecke-beeckerwerth-2355201.html\" rel=\"noopener noreferrer\" target=\"_blank\">A42<\/a>: Die Rheinbr\u00fccke Beeckerwerth wird vollgesperrt<\/p>\n<p><a href=\"https:\/\/www.radioduisburg.de\/artikel\/20-jahre-rage-against-racism-2358720.html\" rel=\"noopener noreferrer\" target=\"_blank\">Festival<\/a>: &#8222;Rage against Racism&#8220; feiert Jubil\u00e4um<\/p>\n<p><a href=\"https:\/\/www.radioduisburg.de\/artikel\/zehn-meter-erdbeerkuchen-2358315.html\" rel=\"noopener noreferrer\" target=\"_blank\">Charity<\/a>: Erdbeerkuchen f\u00fcr den guten Zweck<\/p>\n<p>Weitere Themen f\u00fcr Duisburg<\/p>\n<p><strong>Hochfeld<\/strong>: Wegen eines Br\u00fcckeneinschubs auf der Heerstra\u00dfe in Hochfeld fahren ab heute Abend (20.6.) bis Sonntagnacht (22.6.) Busse statt Bahnen auf den Linien 903 und U79 in Duisburg. Die Nachtlinie NE6 wird umgeleitet. Die Fu\u00dfg\u00e4ngerbr\u00fccke wird bis Sonntagabend eingebaut.<\/p>\n<p><strong>Denkmal<\/strong>: In Duissern gibt es jetzt neue Informationstafeln an den denkmalgesch\u00fctzten Br\u00fcckenk\u00f6pfen der Aakerf\u00e4hrbr\u00fccke. Die Tafeln erinnern an die erste feste Ruhrquerung, die dort zwischen 1902 und 1904 gebaut wurde. Die Br\u00fcckenk\u00f6pfe sind die letzten \u00dcberreste des urspr\u00fcnglichen Bauwerks, das 1997 durch die heutige Br\u00fccke ersetzt wurde.<\/p>\n<p><strong>Sport<\/strong>: WM Erfolge im Hyrox. Die Duisburgerin Linda Meier hat bei der Hyrox-WM in Chicago den Titel in der schwierigsten Leistungsklasse geholt. Auch ihre Mutter Anette Meier-Ullmann war in der Trendsportart, wo Kraft und Ausdauer gefragt sind, letzte Woche erfolgreich. Die 61-J\u00e4hrige Weltrekordhalterin musste sich nur zwei Konkurentinnen geschlagen geben.<\/p>\n<p>Verkehr in Duisburg<\/p>\n<p>Steht ihr irgendwo im Stau? Habt ihr einen Blitzer<strong> <\/strong>gesehen? Wollt ihr uns auf sonstige Verkehrsst\u00f6rungen aufmerksam machen? Dann ruft uns an! Unsere Hotline ist die <strong>0203<\/strong> <strong>80 08 999.<\/strong><\/p>\n<p>Wetter in Duisburg<\/p>\n<p>So kann das Wochenende starten: Heute ist es den ganzen Tag sonnig. Die Temperatur betr\u00e4gt aktuell 14 Grad und steigt im Laufe des Tages auf 26 Grad an.<\/p>\n<p>Neu: Radio Duisburg WhatsApp-Kanal f\u00fcr aktuelle News aus Duisburg<\/p>\n<p>Ab sofort sind wir auch auf WhatsApp f\u00fcr euch da! In unserem neuen Radio Duisburg WhatsApp-Kanal bekommt ihr immer die wichtigsten Nachrichten, Updates und Hintergr\u00fcnde aus Duisburg direkt aufs Smartphone \u2013 schnell, kompakt und zuverl\u00e4ssig. So verpasst ihr keine Top-Meldung mehr, egal wo ihr gerade seid.<\/p>\n<p>Klickt einfach auf den folgenden Link und seid dabei:\u00a0<a href=\"https:\/\/whatsapp.com\/channel\/0029VbBNDYZ1CYoQuZi0Jj3O\" rel=\"noopener noreferrer\" target=\"_blank\" style=\"color: rgb(204, 0, 0);\">https:\/\/whatsapp.com\/channel\/0029VbBNDYZ1CYoQuZi0Jj3O<\/a> Wir freuen uns auf euch!<\/p>\n<p>Alle Infos immer dabei: Die gratis Radio Duisburg-App installieren<a href=\"https:\/\/www.radioduisburg.de\/externalimages\/?source=png6\/duisburg-app-qr-codes.png&amp;dt=201911190804370&amp;resize=1280x800\" data-caption=\"Jetzt im App Store oder Google Play Store herunterladen.\" itemprop=\"contentUrl\" data-size=\"1280x800\" target=\"_blank\" rel=\"noopener\"><img decoding=\"async\" alt=\"QR Codes Radio Duisburg App\" src=\"https:\/\/www.europesays.com\/de\/wp-content\/uploads\/2025\/06\/1750391112_372_duisburg-app-qr-codes.png&#038;resize=1280x800&#038;dt=201911190804370.png\" data-size=\"1280x800\"\/><\/a>Jetzt im App Store oder Google Play Store herunterladen.\u00a9 <\/p>\n<p>Jetzt im App Store oder Google Play Store herunterladen.<\/p>\n<p>\u00a9 <\/p>\n","protected":false},"excerpt":{"rendered":"Nachrichten f\u00fcr Duisburg A42: Die Rheinbr\u00fccke Beeckerwerth wird vollgesperrt Festival: &#8222;Rage against Racism&#8220; feiert Jubil\u00e4um Charity: Erdbeerkuchen f\u00fcr&hellip;\n","protected":false},"author":2,"featured_media":163824,"comment_status":"","ping_status":"","sticky":false,"template":"","format":"standard","meta":{"footnotes":""},"categories":[1838],"tags":[9376,1349,3364,29,3715,30,2338,1209,601,1973,672],"class_list":{"0":"post-204216","1":"post","2":"type-post","3":"status-publish","4":"format-standard","5":"has-post-thumbnail","7":"category-duisburg","8":"tag-guten-morgen-duisburg","9":"tag-aktuelles","10":"tag-de","11":"tag-deutschland","12":"tag-duisburg","13":"tag-germany","14":"tag-newsletter","15":"tag-nordrhein-westfalen","16":"tag-verkehr","17":"tag-wetter","18":"tag-whatsapp"},"share_on_mastodon":{"url":"https:\/\/pubeurope.com\/@de\/114713639457659985","error":""},"_links":{"self":[{"href":"https:\/\/www.europesays.com\/de\/wp-json\/wp\/v2\/posts\/204216","targetHints":{"allow":["GET"]}}],"collection":[{"href":"https:\/\/www.europesays.com\/de\/wp-json\/wp\/v2\/posts"}],"about":[{"href":"https:\/\/www.europesays.com\/de\/wp-json\/wp\/v2\/types\/post"}],"author":[{"embeddable":true,"href":"https:\/\/www.europesays.com\/de\/wp-json\/wp\/v2\/users\/2"}],"replies":[{"embeddable":true,"href":"https:\/\/www.europesays.com\/de\/wp-json\/wp\/v2\/comments?post=204216"}],"version-history":[{"count":0,"href":"https:\/\/www.europesays.com\/de\/wp-json\/wp\/v2\/posts\/204216\/revisions"}],"wp:featuredmedia":[{"embeddable":true,"href":"https:\/\/www.europesays.com\/de\/wp-json\/wp\/v2\/media\/163824"}],"wp:attachment":[{"href":"https:\/\/www.europesays.com\/de\/wp-json\/wp\/v2\/media?parent=204216"}],"wp:term":[{"taxonomy":"category","embeddable":true,"href":"https:\/\/www.europesays.com\/de\/wp-json\/wp\/v2\/categories?post=204216"},{"taxonomy":"post_tag","embeddable":true,"href":"https:\/\/www.europesays.com\/de\/wp-json\/wp\/v2\/tags?post=204216"}],"curies":[{"name":"wp","href":"https:\/\/api.w.org\/{rel}","templated":true}]}}