{"id":204260,"date":"2025-06-20T04:10:11","date_gmt":"2025-06-20T04:10:11","guid":{"rendered":"https:\/\/www.europesays.com\/de\/204260\/"},"modified":"2025-06-20T04:10:11","modified_gmt":"2025-06-20T04:10:11","slug":"freitag-bleibt-warm-und-sonnig","status":"publish","type":"post","link":"https:\/\/www.europesays.com\/de\/204260\/","title":{"rendered":"Freitag bleibt warm und sonnig"},"content":{"rendered":"<p>Prognose und Unwetterwarnung <\/p>\n<p>Wetter in M\u00fcnchen: Der Freitag bleibt sonnig und warm<\/p>\n<p>20.06.2025 &#8211; 06:00 UhrLesedauer: 1 Min.<\/p>\n<p class=\"font-bold text-18 leading-17\"><strong class=\"font-bold\">Gibt es heute Sonne, Regen oder Sturm in M\u00fcnchen? Hier finden Sie die Wettervorhersage und Unwetterwarnungen f\u00fcr Bayerns Landeshauptstadt.<\/strong><\/p>\n<p class=\"text-18 leading-17\">Am Freitag zeigt sich das Wetter in M\u00fcnchen und im Landkreis von seiner freundlichen Seite. Laut Daten des Deutschen Wetterdienstes (DWD) bleibt es den ganzen Tag \u00fcber trocken. Offizielle Unwetterwarnungen bestehen nicht.<\/p>\n<p class=\"text-18 leading-17\">Am Morgen starten die Temperaturen bei rund 15 Grad. Schon fr\u00fch setzt sich die Sonne durch, bei nur geringer Bew\u00f6lkung. Der Wind weht m\u00e4\u00dfig aus \u00f6stlicher Richtung und erreicht am Vormittag Geschwindigkeiten bis zu 31 Kilometer pro Stunde in B\u00f6en.<\/p>\n<p class=\"text-18 leading-17\">Am Nachmittag wird es angenehm warm mit H\u00f6chstwerten um 25 Grad. Die Sichtverh\u00e4ltnisse sind ausgezeichnet \u2013 bis zu 59 Kilometer. Es bleibt sonnig und trocken bei nur wenigen Wolken. Erst am sp\u00e4teren Abend nimmt die Bew\u00f6lkung etwas zu, doch Regen ist weiterhin kein Thema.<\/p>\n<p class=\"text-18 leading-17\">In der Nacht zum Samstag sinken die Temperaturen auf etwa 12 Grad. Der Himmel ist teils leicht bew\u00f6lkt, der Wind bleibt sp\u00fcrbar, aber schw\u00e4cht sich leicht ab. Die Wetterlage bleibt stabil und freundlich.<\/p>\n<p class=\"text-18 leading-17\">Am Samstag, 21. Juni, bleibt es laut DWD weiterhin sonnig und trocken, bei Temperaturen bis 26 Grad. Auch am Sonntag, 22. Juni, zeigt sich das Wetter freundlich, mit etwas mehr Wolken und H\u00f6chstwerten bis zu 32 Grad. Offizielle Unwetterwarnungen bestehen f\u00fcr beide Tage derzeit nicht.<\/p>\n<p class=\"text-18 leading-17\">Das aktuelle Wetter f\u00fcr M\u00fcnchen heute und in den kommenden Tagen finden Sie immer auf <a class=\"transition-colors duration-200 cursor-pointer text-inherit no-underline text-salemsfur md:hover:text-magenta md:hover:border-magenta md:focus:text-magenta border-current border-b border-solid break-words\" href=\"https:\/\/www.t-online.de\/wetter\/deutschland\/muenchen\/jd138hq576\/wetter-heute\" data-sctrack=\"BodyAnchor\" target=\"_blank\" rel=\"noopener\">der t-online-Wetterseite<\/a> oder in unserem Video oben.<\/p>\n","protected":false},"excerpt":{"rendered":"Prognose und Unwetterwarnung Wetter in M\u00fcnchen: Der Freitag bleibt sonnig und warm 20.06.2025 &#8211; 06:00 UhrLesedauer: 1 Min.&hellip;\n","protected":false},"author":2,"featured_media":204261,"comment_status":"","ping_status":"","sticky":false,"template":"","format":"standard","meta":{"footnotes":""},"categories":[1827],"tags":[722,772,29,51596,30,3467,1268,11378,4028,26245,1973,2256,4907,2257,5415],"class_list":{"0":"post-204260","1":"post","2":"type-post","3":"status-publish","4":"format-standard","5":"has-post-thumbnail","7":"category-muenchen","8":"tag-722","9":"tag-bayern","10":"tag-deutschland","11":"tag-fronleichnam","12":"tag-germany","13":"tag-landeshauptstadt","14":"tag-muenchen","15":"tag-sommerhitze","16":"tag-unwetter","17":"tag-unwetterwarnung","18":"tag-wetter","19":"tag-wetterausblick","20":"tag-wetteraussicht","21":"tag-wetterlage","22":"tag-wetterprognose"},"share_on_mastodon":{"url":"https:\/\/pubeurope.com\/@de\/114713738430219054","error":""},"_links":{"self":[{"href":"https:\/\/www.europesays.com\/de\/wp-json\/wp\/v2\/posts\/204260","targetHints":{"allow":["GET"]}}],"collection":[{"href":"https:\/\/www.europesays.com\/de\/wp-json\/wp\/v2\/posts"}],"about":[{"href":"https:\/\/www.europesays.com\/de\/wp-json\/wp\/v2\/types\/post"}],"author":[{"embeddable":true,"href":"https:\/\/www.europesays.com\/de\/wp-json\/wp\/v2\/users\/2"}],"replies":[{"embeddable":true,"href":"https:\/\/www.europesays.com\/de\/wp-json\/wp\/v2\/comments?post=204260"}],"version-history":[{"count":0,"href":"https:\/\/www.europesays.com\/de\/wp-json\/wp\/v2\/posts\/204260\/revisions"}],"wp:featuredmedia":[{"embeddable":true,"href":"https:\/\/www.europesays.com\/de\/wp-json\/wp\/v2\/media\/204261"}],"wp:attachment":[{"href":"https:\/\/www.europesays.com\/de\/wp-json\/wp\/v2\/media?parent=204260"}],"wp:term":[{"taxonomy":"category","embeddable":true,"href":"https:\/\/www.europesays.com\/de\/wp-json\/wp\/v2\/categories?post=204260"},{"taxonomy":"post_tag","embeddable":true,"href":"https:\/\/www.europesays.com\/de\/wp-json\/wp\/v2\/tags?post=204260"}],"curies":[{"name":"wp","href":"https:\/\/api.w.org\/{rel}","templated":true}]}}