{"id":205417,"date":"2025-06-20T14:49:09","date_gmt":"2025-06-20T14:49:09","guid":{"rendered":"https:\/\/www.europesays.com\/de\/205417\/"},"modified":"2025-06-20T14:49:09","modified_gmt":"2025-06-20T14:49:09","slug":"neue-grundschule-an-der-schlueterstrasse","status":"publish","type":"post","link":"https:\/\/www.europesays.com\/de\/205417\/","title":{"rendered":"Neue Grundschule an der Schl\u00fcterstra\u00dfe"},"content":{"rendered":"<p class=\"text_ohne_einzug richtext text-em-55 !leading-serif mx-6 desktop:mx-0\">  Im Umfeld des Neubaugebiets Grafental und des Metro-Gel\u00e4ndes ver\u00e4ndert sich aktuell auch die Schullandschaft massiv: Das neue Gymnasium am Heinzelm\u00e4nnchenweg kommt, das alte Schulgeb\u00e4ude der Thomas-Edison-Realschule wird gerade abgerissen, die Schule hat den Neubau direkt nebenan bereits bezogen. Und jetzt wurde auch die Errichtung einer neuen dreiz\u00fcgigen <a href=\"https:\/\/rp-online.de\/thema\/grundschule\/\" target=\"_blank\" rel=\"noopener\">Grundschule<\/a> mit einer Einfeld-Sporthalle auf dem alten Realschul-Grundst\u00fcck in der Bezirksvertretung 2 auf den Weg gebracht.<\/p>\n","protected":false},"excerpt":{"rendered":"Im Umfeld des Neubaugebiets Grafental und des Metro-Gel\u00e4ndes ver\u00e4ndert sich aktuell auch die Schullandschaft massiv: Das neue Gymnasium&hellip;\n","protected":false},"author":2,"featured_media":205418,"comment_status":"","ping_status":"","sticky":false,"template":"","format":"standard","meta":{"footnotes":""},"categories":[1831],"tags":[3364,66850,29,3405,66849,30,4732,66846,19015,66854,66848,20080,2190,66851,1209,66847,44568,966,66853,66852],"class_list":{"0":"post-205417","1":"post","2":"type-post","3":"status-publish","4":"format-standard","5":"has-post-thumbnail","7":"category-duesseldorf","8":"tag-de","9":"tag-dependance","10":"tag-deutschland","11":"tag-duesseldorf","12":"tag-edison","13":"tag-germany","14":"tag-grund","15":"tag-grundschul","16":"tag-grundstueck","17":"tag-grundstuecksflaeche","18":"tag-gutenberg","19":"tag-meter","20":"tag-neubau","21":"tag-neubaugebiets","22":"tag-nordrhein-westfalen","23":"tag-realschul","24":"tag-schlueterstrasse","25":"tag-schule","26":"tag-schulgrundstueck","27":"tag-schulneubaus"},"share_on_mastodon":{"url":"https:\/\/pubeurope.com\/@de\/114716250243759190","error":""},"_links":{"self":[{"href":"https:\/\/www.europesays.com\/de\/wp-json\/wp\/v2\/posts\/205417","targetHints":{"allow":["GET"]}}],"collection":[{"href":"https:\/\/www.europesays.com\/de\/wp-json\/wp\/v2\/posts"}],"about":[{"href":"https:\/\/www.europesays.com\/de\/wp-json\/wp\/v2\/types\/post"}],"author":[{"embeddable":true,"href":"https:\/\/www.europesays.com\/de\/wp-json\/wp\/v2\/users\/2"}],"replies":[{"embeddable":true,"href":"https:\/\/www.europesays.com\/de\/wp-json\/wp\/v2\/comments?post=205417"}],"version-history":[{"count":0,"href":"https:\/\/www.europesays.com\/de\/wp-json\/wp\/v2\/posts\/205417\/revisions"}],"wp:featuredmedia":[{"embeddable":true,"href":"https:\/\/www.europesays.com\/de\/wp-json\/wp\/v2\/media\/205418"}],"wp:attachment":[{"href":"https:\/\/www.europesays.com\/de\/wp-json\/wp\/v2\/media?parent=205417"}],"wp:term":[{"taxonomy":"category","embeddable":true,"href":"https:\/\/www.europesays.com\/de\/wp-json\/wp\/v2\/categories?post=205417"},{"taxonomy":"post_tag","embeddable":true,"href":"https:\/\/www.europesays.com\/de\/wp-json\/wp\/v2\/tags?post=205417"}],"curies":[{"name":"wp","href":"https:\/\/api.w.org\/{rel}","templated":true}]}}