{"id":205856,"date":"2025-06-20T18:39:30","date_gmt":"2025-06-20T18:39:30","guid":{"rendered":"https:\/\/www.europesays.com\/de\/205856\/"},"modified":"2025-06-20T18:39:30","modified_gmt":"2025-06-20T18:39:30","slug":"axel-von-der-ohe-will-oberbuergermeister-von-hannover-werden","status":"publish","type":"post","link":"https:\/\/www.europesays.com\/de\/205856\/","title":{"rendered":"Axel von der Ohe will Oberb\u00fcrgermeister von Hannover werden"},"content":{"rendered":"<p>&#13;<br \/>\n            Hannover. 15 Monate vor der Kommunalwahl hat sich die SPD Hannover festgelegt: Axel von der Ohe soll neuer Oberb\u00fcrgermeister werden. Der 48-J\u00e4hrige tritt damit voraussichtlich gegen seinen Chef Belit Onay (Gr\u00fcne) an \u2013 und wirbt mit dem Ziel, \u201ewieder eine Stadt f\u00fcr alle entwickeln\u201c zu wollen. \u201eDas ist das Angebot, das ich den Menschen in Hannover machen will und ich glaube, daf\u00fcr haben wir gute Argumente\u201c, sagte von der Ohe der Deutschen Presse-Agentur. <\/p>\n<p>          &#13;<br \/>\n            Duell mit dem eigenen Chef? <\/p>\n<p>Von der Ohe ist in Hannover kein Unbekannter. Der promovierte Sozialwissenschaftler ist seit 2017 Stadtk\u00e4mmerer und seit 2021 Erster Stadtrat \u2013 und damit Stellvertreter Onays. Der amtierende Oberb\u00fcrgermeister regiert die Landeshauptstadt seit 2019 und will nach Informationen aus Parteikreisen vermutlich erneut antreten. Die CDU hat ihren Kandidaten bislang nicht benannt. <\/p>\n<p><img decoding=\"async\"   src=\"https:\/\/www.europesays.com\/de\/wp-content\/uploads\/2025\/06\/Der-44-jaehrige-Onay-hatte-in-seiner-Amtszeit-mit-vielen-1075982.jpg\" title=\"Axel von der Ohe will Oberb\u00fcrgermeister von Hannover werden\" alt=\"Der 44-j\u00e4hrige Onay hatte in seiner Amtszeit mit vielen Krisen zu k\u00e4mpfen und sieht sich teils Kritik ausgesetzt. (Archivbild)\" class=\"img-responsive\"\/><\/p>\n<p>Der 44-j\u00e4hrige Onay hatte in seiner Amtszeit mit vielen Krisen zu k\u00e4mpfen und sieht sich teils Kritik ausgesetzt. (Archivbild) &#13;<br \/>\n\t\t\t\t\t\t\t\tFoto: Michael Matthey\/dpa<\/p>\n<p> Investitionen und Familien-Plan <\/p>\n<p>Von der Ohe setzt inhaltlich auf Investitionen in die Infrastruktur. \u201eWir m\u00fcssen investieren in eine gute Infrastruktur, in Stra\u00dfen, in Radwege, in Kitas, Schulen, Schwimmb\u00e4der, all das\u201c, sagte er. \u201eDa ist viel liegen geblieben \u00fcber die letzten Jahre, man muss sagen, Jahrzehnte\u201c, bem\u00e4ngelte der SPD-Politiker. \u201eDie Leute m\u00fcssen sp\u00fcren, dass sich da was ver\u00e4ndert, dass da Dampf auf den Kessel kommt.\u201c <\/p>\n<p>Als erstes konkretes Projekt k\u00fcndigte er an, Hannover zur familienfreundlichsten Stadt Deutschlands machen zu wollen. Den Plan daf\u00fcr will er bereits im Wahlkampf gemeinsam mit B\u00fcrgerinnen und B\u00fcrgern entwickeln. \u201eWir werden einen gro\u00dfen Familienkongress machen, um mit den Leuten und von den Leuten die besten Ideen einzusammeln, auf dem Weg hin zur familienfreundlichsten Stadt.\u201c <\/p>\n<p>Von der Ohe ist verheiratet und hat zwei Kinder. Warum ihm die Menschen am 13. September 2026 ihre Stimme geben sollten? \u201eIch kenne das Rathaus. Ich habe die Erfahrung und die Kompetenz f\u00fcr diesen Job. Ich bin nah bei den Menschen. Ich mag die Menschen. Das ist, glaube ich, eine Grundvoraussetzung f\u00fcr das Amt\u201c, sagte er. <\/p>\n<p>Gemischte Reaktionen auf Nominierung <\/p>\n<p>Die Nominierung fand im Landtag Anerkennung. Von der Ohe sei ein \u201eausgewiesener Experte, nah dran an den Hannoveranerinnen und Hannoveranern und vor allen Dingen an den Problemen dieser Stadt\u201c, sagte SPD-Fraktionschef Stefan Politze. Dass ein Erster Stadtrat gegen den Oberb\u00fcrgermeister kandidiere, sei unproblematisch und v\u00f6llig legitim. \u201eIch glaube, dass sich beide auch da nicht blockieren werden\u201c, sagte Politze. <\/p>\n<p>Die CDU bewertete die Nominierung kritisch. Als Stellvertreter des Oberb\u00fcrgermeisters stehe von der Ohe f\u00fcr ein \u201eWeiter so\u201c in der Stadtpolitik, sagte Hannovers CDU-Chef Maximilian Oppelt. Die CDU f\u00fcrchtet einen 15 Monate langen Dauerwahlkampf an der Rathausspitze. \u201eWir werden sehr genau hinschauen, dass Onay und von der Ohe das Rathaus nicht noch mehr l\u00e4hmen als ohnehin schon und sich gegenseitig blockieren und belauern\u201c, sagte Oppelt. <\/p>\n","protected":false},"excerpt":{"rendered":"&#13; Hannover. 15 Monate vor der Kommunalwahl hat sich die SPD Hannover festgelegt: Axel von der Ohe soll&hellip;\n","protected":false},"author":2,"featured_media":205857,"comment_status":"","ping_status":"","sticky":false,"template":"","format":"standard","meta":{"footnotes":""},"categories":[1836],"tags":[3364,29,30,46,1411,2403,184,2534],"class_list":{"0":"post-205856","1":"post","2":"type-post","3":"status-publish","4":"format-standard","5":"has-post-thumbnail","7":"category-hannover","8":"tag-de","9":"tag-deutschland","10":"tag-germany","11":"tag-hannover","12":"tag-niedersachsen","13":"tag-partei","14":"tag-spd","15":"tag-wahl"},"share_on_mastodon":{"url":"https:\/\/pubeurope.com\/@de\/114717154716106187","error":""},"_links":{"self":[{"href":"https:\/\/www.europesays.com\/de\/wp-json\/wp\/v2\/posts\/205856","targetHints":{"allow":["GET"]}}],"collection":[{"href":"https:\/\/www.europesays.com\/de\/wp-json\/wp\/v2\/posts"}],"about":[{"href":"https:\/\/www.europesays.com\/de\/wp-json\/wp\/v2\/types\/post"}],"author":[{"embeddable":true,"href":"https:\/\/www.europesays.com\/de\/wp-json\/wp\/v2\/users\/2"}],"replies":[{"embeddable":true,"href":"https:\/\/www.europesays.com\/de\/wp-json\/wp\/v2\/comments?post=205856"}],"version-history":[{"count":0,"href":"https:\/\/www.europesays.com\/de\/wp-json\/wp\/v2\/posts\/205856\/revisions"}],"wp:featuredmedia":[{"embeddable":true,"href":"https:\/\/www.europesays.com\/de\/wp-json\/wp\/v2\/media\/205857"}],"wp:attachment":[{"href":"https:\/\/www.europesays.com\/de\/wp-json\/wp\/v2\/media?parent=205856"}],"wp:term":[{"taxonomy":"category","embeddable":true,"href":"https:\/\/www.europesays.com\/de\/wp-json\/wp\/v2\/categories?post=205856"},{"taxonomy":"post_tag","embeddable":true,"href":"https:\/\/www.europesays.com\/de\/wp-json\/wp\/v2\/tags?post=205856"}],"curies":[{"name":"wp","href":"https:\/\/api.w.org\/{rel}","templated":true}]}}