{"id":205858,"date":"2025-06-20T18:40:20","date_gmt":"2025-06-20T18:40:20","guid":{"rendered":"https:\/\/www.europesays.com\/de\/205858\/"},"modified":"2025-06-20T18:40:20","modified_gmt":"2025-06-20T18:40:20","slug":"mdr-bestaetigt-drehstart-nach-dem-sommer","status":"publish","type":"post","link":"https:\/\/www.europesays.com\/de\/205858\/","title":{"rendered":"MDR best\u00e4tigt Drehstart nach dem Sommer"},"content":{"rendered":"<p>Ohne Kommissarin Gorniak <\/p>\n<p>Dresden-&#8222;Tatort&#8220; geht weiter: Drehstart nach dem Sommer<\/p>\n<p>Aktualisiert am 20.06.2025 &#8211; 17:01 UhrLesedauer: 1 Min.<\/p>\n<p><a href=\"#focus-0\" class=\"transition-colors duration-200 focus-within:text-magenta block text-current relative\" data-sctrack=\"FocusGalleryImage.Reference\"><img fetchpriority=\"high\" data-testid=\"Opener.Image\" style=\"--lqipURL:url('https:\/\/images.t-online.de\/2025\/06\/a7c2rr6mNpDU\/0x129:4000x2250\/fit-in\/150x0\/filters:blur(25)\/nach-karin-hanczewskis-abschied-aus-der-krimireihe-ermitteln-martin-brambach-und-cornelia-groeschel-kuenftig-zu-zweit.jpg')\"   loading=\"eager\" src=\"https:\/\/www.europesays.com\/de\/wp-content\/uploads\/2025\/06\/nach-karin-hanczewskis-abschied-aus-der-krimireihe-ermitteln-martin-brambach-und-cornelia-groeschel-.jpeg\" alt=\"Nach Karin Hanczewskis Abschied aus der Krimireihe ermitteln Martin Brambach und Cornelia Gr\u00f6schel k\u00fcnftig zu zweit.\" title=\"Nach Karin Hanczewskis Abschied aus der Krimireihe ermitteln Martin Brambach und Cornelia Gr\u00f6schel k\u00fcnftig zu zweit.\" width=\"4000\" height=\"2250\" class=\"bg-[url:var(--lqipURL)] bg-cover bg-center flex h-full w-full max-w-full\" decoding=\"async\"\/><img style=\"--width:32;--height:32\" loading=\"lazy\" src=\"https:\/\/www.t-online.de\/s\/paper\/_next\/static\/media\/zoom-in.f7dae02f.svg\" alt=\"Vergr\u00f6\u00dfern des Bildes\" title=\"Vergr\u00f6\u00dfern des Bildes\" class=\"block h-[calc(var(--height)_\/_16_*_1rem)] w-[calc(var(--width)_\/_16_*_1rem)] max-w-none absolute bottom-8 right-8 rounded-4 bg-snow p-8\" decoding=\"async\"\/><\/a><\/p>\n<p>Die Schauspieler des &#8222;Tatorts&#8220; (Archivbild): Nach Karin Hanczewskis Abschied aus der Krimireihe ermitteln Martin Brambach und Cornelia Gr\u00f6schel k\u00fcnftig zu zweit. (Quelle: IMAGO\/Matthias Wehnert)<\/p>\n<p class=\"font-bold text-18 leading-17\">Der MDR-Rundfunkrat gibt gr\u00fcnes Licht f\u00fcr eine neue Folge des beliebten Dresden-Tatorts. Die Ermittler Winkler und Schnabel kehren mit einem Mordfall zur\u00fcck, der tief in Familiengeheimnisse f\u00fchrt.<\/p>\n<p class=\"text-18 leading-17\">Der MDR-Rundfunkrat hat die Fortsetzung des &#8222;Tatort&#8220; aus <a class=\"transition-colors duration-200 cursor-pointer text-inherit no-underline text-salemsfur md:hover:text-magenta md:hover:border-magenta md:focus:text-magenta border-current border-b border-solid break-words\" href=\"https:\/\/www.t-online.de\/region\/dresden\/\" data-sctrack=\"BodyAnchor\" target=\"_blank\" rel=\"noopener\">Dresden<\/a> genehmigt. Nach dem Sommer beginnen die Dreharbeiten f\u00fcr die neue Folge, die 2026 ausgestrahlt wird.<\/p>\n<p class=\"text-18 leading-17\">Der Arbeitstitel der neuen Episode lautet \u201eDas, was Du zur\u00fcckl\u00e4sst&#8220;. Die Handlung dreht sich um den Mord an einem Taxifahrer. <a class=\"transition-colors duration-200 cursor-pointer text-inherit no-underline text-salemsfur md:hover:text-magenta md:hover:border-magenta md:focus:text-magenta border-current border-b border-solid break-words\" href=\"https:\/\/www.t-online.de\/themen\/cornelia-groeschel\/\" data-sctrack=\"BodyAnchor\" target=\"_blank\" rel=\"noopener\">Cornelia Gr\u00f6schel<\/a> als Kommissarin Winkler und <a class=\"transition-colors duration-200 cursor-pointer text-inherit no-underline text-salemsfur md:hover:text-magenta md:hover:border-magenta md:focus:text-magenta border-current border-b border-solid break-words\" href=\"https:\/\/www.t-online.de\/themen\/martin-brambach\/\" data-sctrack=\"BodyAnchor\" target=\"_blank\" rel=\"noopener\">Martin Brambach<\/a> als Kommissar Schnabel m\u00fcssen einen Fall l\u00f6sen, der sie tief in famili\u00e4re Trag\u00f6dien und verdr\u00e4ngte Wahrheiten f\u00fchrt.<\/p>\n<p class=\"text-18 leading-17\">Der Dresden-Tatort z\u00e4hlt zu den erfolgreichsten Produktionen des MDR. Bundesweit schalten 8 bis 10 Millionen Zuschauer ein. Zus\u00e4tzlich wird jede Folge mehr als eine Million Mal in der ARD-Mediathek gestreamt.<\/p>\n<p class=\"text-18 leading-17\">\u201eProduktionen wie diese st\u00e4rken die regionale Identit\u00e4t und Wertsch\u00f6pfung, denn ein gro\u00dfer Teil der Mitarbeiterschaft wird mit Arbeitskr\u00e4ften aus Mitteldeutschland besetzt&#8220;, erkl\u00e4rt Michael Ziche, Vorsitzender des MDR-Rundfunkrats.<\/p>\n","protected":false},"excerpt":{"rendered":"Ohne Kommissarin Gorniak Dresden-&#8222;Tatort&#8220; geht weiter: Drehstart nach dem Sommer Aktualisiert am 20.06.2025 &#8211; 17:01 UhrLesedauer: 1 Min.&hellip;\n","protected":false},"author":2,"featured_media":205859,"comment_status":"","ping_status":"","sticky":false,"template":"","format":"standard","meta":{"footnotes":""},"categories":[1835],"tags":[722,66972,3364,29,30653,2386,10387,30,10386,81,19613,859,218],"class_list":{"0":"post-205858","1":"post","2":"type-post","3":"status-publish","4":"format-standard","5":"has-post-thumbnail","7":"category-dresden","8":"tag-722","9":"tag-cornelia-groeschel","10":"tag-de","11":"tag-deutschland","12":"tag-drehstart","13":"tag-dresden","14":"tag-familiengeheimnis","15":"tag-germany","16":"tag-martin-brambach","17":"tag-mdr","18":"tag-mordfall","19":"tag-sachsen","20":"tag-tatort"},"share_on_mastodon":{"url":"https:\/\/pubeurope.com\/@de\/114717158587971272","error":""},"_links":{"self":[{"href":"https:\/\/www.europesays.com\/de\/wp-json\/wp\/v2\/posts\/205858","targetHints":{"allow":["GET"]}}],"collection":[{"href":"https:\/\/www.europesays.com\/de\/wp-json\/wp\/v2\/posts"}],"about":[{"href":"https:\/\/www.europesays.com\/de\/wp-json\/wp\/v2\/types\/post"}],"author":[{"embeddable":true,"href":"https:\/\/www.europesays.com\/de\/wp-json\/wp\/v2\/users\/2"}],"replies":[{"embeddable":true,"href":"https:\/\/www.europesays.com\/de\/wp-json\/wp\/v2\/comments?post=205858"}],"version-history":[{"count":0,"href":"https:\/\/www.europesays.com\/de\/wp-json\/wp\/v2\/posts\/205858\/revisions"}],"wp:featuredmedia":[{"embeddable":true,"href":"https:\/\/www.europesays.com\/de\/wp-json\/wp\/v2\/media\/205859"}],"wp:attachment":[{"href":"https:\/\/www.europesays.com\/de\/wp-json\/wp\/v2\/media?parent=205858"}],"wp:term":[{"taxonomy":"category","embeddable":true,"href":"https:\/\/www.europesays.com\/de\/wp-json\/wp\/v2\/categories?post=205858"},{"taxonomy":"post_tag","embeddable":true,"href":"https:\/\/www.europesays.com\/de\/wp-json\/wp\/v2\/tags?post=205858"}],"curies":[{"name":"wp","href":"https:\/\/api.w.org\/{rel}","templated":true}]}}