{"id":205882,"date":"2025-06-20T18:54:12","date_gmt":"2025-06-20T18:54:12","guid":{"rendered":"https:\/\/www.europesays.com\/de\/205882\/"},"modified":"2025-06-20T18:54:12","modified_gmt":"2025-06-20T18:54:12","slug":"gesuchte-italienerin-am-flughafen-festgenommen","status":"publish","type":"post","link":"https:\/\/www.europesays.com\/de\/205882\/","title":{"rendered":"Gesuchte Italienerin am Flughafen festgenommen"},"content":{"rendered":"<p>Am Flughafen verhaftet <\/p>\n<p>Cannabis-Kapseln im Netz: Gesuchte Frau in Frankfurt gefasst<\/p>\n<p>20.06.2025 &#8211; 19:46 UhrLesedauer: 1 Min.<\/p>\n<p><a href=\"#focus-0\" class=\"transition-colors duration-200 focus-within:text-magenta block text-current relative\" data-sctrack=\"FocusGalleryImage.Reference\"><img fetchpriority=\"high\" data-testid=\"Opener.Image\" style=\"--lqipURL:url('https:\/\/images.t-online.de\/2025\/06\/3L74QdRBYjCN\/0x107:2048x1152\/fit-in\/150x0\/filters:blur(25)\/die-polizei-hat-zwei-spielende-kinder-aus-unmittelbarer-naehe-der-gleise-der-bahnstrecke-hamburg-berlin-geholt-die-strecke-wurde-zeitweise-gesperrt-symbolbild.jpg')\"   loading=\"eager\" src=\"https:\/\/www.europesays.com\/de\/wp-content\/uploads\/2025\/06\/die-polizei-hat-zwei-spielende-kinder-aus-unmittelbarer-naehe-der-gleise-der-bahnstrecke-hamburg-ber.jpeg\" alt=\"Polizei Blaulicht\" title=\"Polizei Blaulicht\" width=\"2048\" height=\"1152\" class=\"bg-[url:var(--lqipURL)] bg-cover bg-center flex h-full w-full max-w-full\" decoding=\"async\"\/><img style=\"--width:32;--height:32\" loading=\"lazy\" src=\"https:\/\/frankfurt.t-online.de\/s\/paper\/_next\/static\/media\/zoom-in.f7dae02f.svg\" alt=\"Vergr\u00f6\u00dfern des Bildes\" title=\"Vergr\u00f6\u00dfern des Bildes\" class=\"block h-[calc(var(--height)_\/_16_*_1rem)] w-[calc(var(--width)_\/_16_*_1rem)] max-w-none absolute bottom-8 right-8 rounded-4 bg-snow p-8\" decoding=\"async\"\/><\/a><\/p>\n<p>Blaulicht (Symbolbild): Die Frau wurde bei ihrer Ankunft aus Mailand in Frankfurt festgenommen. (Quelle: Lino Mirgeler\/dpa\/dpa-bilder)<\/p>\n<p class=\"font-bold text-18 leading-17\">Am Frankfurter Flughafen wurde eine gesuchte Italienerin im Zusammenhang mit internationalem Drogenhandel festgenommen.<\/p>\n<p class=\"text-18 leading-17\">Am 18. Juni hat die Bundespolizei eine gesuchte Italienerin bei ihrer Ankunft aus Mailand am Frankfurter Flughafen festgenommen. Die Frau steht im Verdacht, gemeinsam mit ihrem Ehemann und weiteren Personen, an der Herstellung und dem Handel von Cannabis beteiligt gewesen zu sein. Dies teilte die Bundespolizeidirektion Frankfurt mit.<\/p>\n<p class=\"text-18 leading-17\">Die 30-J\u00e4hrige soll THC-Kapseln \u00fcber eine eigene Internetseite und Social-Media-Plattformen vertrieben haben. Die brasilianischen Beh\u00f6rden hatten sie international gesucht, woraufhin die Bundespolizisten dank eines Fahndungshinweises aktiv werden konnten.<\/p>\n<p class=\"text-18 leading-17\">Am 19. Juni \u00fcbergab die Polizei die Beschuldigte an das Amtsgericht Frankfurt am Main zur Haftvorf\u00fchrung. Dort wartet sie nun auf ihre Auslieferung nach Brasilien. Laut den Ermittlungen drohen ihr dort bis zu 15 Jahre Freiheitsstrafe.<\/p>\n","protected":false},"excerpt":{"rendered":"Am Flughafen verhaftet Cannabis-Kapseln im Netz: Gesuchte Frau in Frankfurt gefasst 20.06.2025 &#8211; 19:46 UhrLesedauer: 1 Min. Blaulicht&hellip;\n","protected":false},"author":2,"featured_media":205883,"comment_status":"","ping_status":"","sticky":false,"template":"","format":"standard","meta":{"footnotes":""},"categories":[1829],"tags":[2072,1950,421,652,29,1994,3089,2050,2051,30,2052,12305],"class_list":{"0":"post-205882","1":"post","2":"type-post","3":"status-publish","4":"format-standard","5":"has-post-thumbnail","7":"category-frankfurt-am-main","8":"tag-2072","9":"tag-blaulicht","10":"tag-bundespolizei","11":"tag-cannabis","12":"tag-deutschland","13":"tag-drogenhandel","14":"tag-flughafen-frankfurt","15":"tag-frankfurt","16":"tag-frankfurt-am-main","17":"tag-germany","18":"tag-hessen","19":"tag-mailand"},"share_on_mastodon":{"url":"https:\/\/pubeurope.com\/@de\/114717213707443804","error":""},"_links":{"self":[{"href":"https:\/\/www.europesays.com\/de\/wp-json\/wp\/v2\/posts\/205882","targetHints":{"allow":["GET"]}}],"collection":[{"href":"https:\/\/www.europesays.com\/de\/wp-json\/wp\/v2\/posts"}],"about":[{"href":"https:\/\/www.europesays.com\/de\/wp-json\/wp\/v2\/types\/post"}],"author":[{"embeddable":true,"href":"https:\/\/www.europesays.com\/de\/wp-json\/wp\/v2\/users\/2"}],"replies":[{"embeddable":true,"href":"https:\/\/www.europesays.com\/de\/wp-json\/wp\/v2\/comments?post=205882"}],"version-history":[{"count":0,"href":"https:\/\/www.europesays.com\/de\/wp-json\/wp\/v2\/posts\/205882\/revisions"}],"wp:featuredmedia":[{"embeddable":true,"href":"https:\/\/www.europesays.com\/de\/wp-json\/wp\/v2\/media\/205883"}],"wp:attachment":[{"href":"https:\/\/www.europesays.com\/de\/wp-json\/wp\/v2\/media?parent=205882"}],"wp:term":[{"taxonomy":"category","embeddable":true,"href":"https:\/\/www.europesays.com\/de\/wp-json\/wp\/v2\/categories?post=205882"},{"taxonomy":"post_tag","embeddable":true,"href":"https:\/\/www.europesays.com\/de\/wp-json\/wp\/v2\/tags?post=205882"}],"curies":[{"name":"wp","href":"https:\/\/api.w.org\/{rel}","templated":true}]}}