{"id":206061,"date":"2025-06-20T20:31:09","date_gmt":"2025-06-20T20:31:09","guid":{"rendered":"https:\/\/www.europesays.com\/de\/206061\/"},"modified":"2025-06-20T20:31:09","modified_gmt":"2025-06-20T20:31:09","slug":"jan-boehmermanns-show-boehmi-brutzelt-wird-eingestellt","status":"publish","type":"post","link":"https:\/\/www.europesays.com\/de\/206061\/","title":{"rendered":"Jan B\u00f6hmermanns Show &#8222;B\u00f6hmi brutzelt&#8220; wird eingestellt"},"content":{"rendered":"<p>        &#8222;B\u00f6hmi brutzelt&#8220;<br \/>\n      ZDF stellt B\u00f6hmermann-Sendung laut Medienbericht ein<\/p>\n<p>            Artikel anh\u00f6ren<\/p>\n<p>            Kopiere den aktuellen Link<\/p>\n<p>          Zur Merkliste hinzuf\u00fcgen<\/p>\n<p>Es hat sich ausgekocht f\u00fcr Jan B\u00f6hmermann bei ZDFneo. Der Mainzer Sender stellt die Kochshow &#8222;B\u00f6hmi brutzelt&#8220; einem Medienbericht zufolge ein.<\/p>\n<p class=\"typo-body-default is-initial\">Seit 2021 ist Moderator <a class=\"\" data-target-type=\"article\" href=\"https:\/\/www.stern.de\/kultur\/tv\/themen\/jan-boehmermann-4150104.html\" rel=\"nofollow noopener\" target=\"_blank\">Jan B\u00f6hmermann<\/a> mit der Kochshow &#8222;B\u00f6hmi brutzelt&#8220; in den Sommermonaten bei ZDFneo auf Sendung. Sommerrollen mit Erdnussso\u00dfe vom 24. August 2024 werden das letzte Gericht bleiben, dass B\u00f6hmermann serviert hat. Denn der Sender stellt das Format nach vier Staffeln mit 24 Ausgaben ein. Das berichtet der Mediendienst &#8222;DWDL&#8220; an diesem Freitag.<\/p>\n<p>  Jan B\u00f6hmermanns &#8222;ZDF Magazin Royale&#8220; geht weiter<\/p>\n<p class=\"typo-body-default\">&#8222;<a class=\"taxonomy-entity organization\" data-target-type=\"article\" href=\"https:\/\/www.stern.de\/kultur\/tv\/themen\/zdfneo-4190634.html\" rel=\"nofollow noopener\" target=\"_blank\">ZDFneo<\/a> steht f\u00fcr kreative Vielfalt und programmliche Innovation. Um kontinuierlich Raum f\u00fcr neue Ideen und Impulse zu schaffen, k\u00f6nnen im Rahmen einer nachhaltigen Portfolioentwicklung nicht alle Formate fortgef\u00fchrt werden&#8220;, sagte eine Sendersprecherin demnach zu den Gr\u00fcnden f\u00fcr das Show-Aus. &#8222;B\u00f6hmi brutzelt&#8220; sei ein Programm gewesen, das \u00fcber vier Staffeln hinweg besondere Fernseh-Momente kreiert habe. F\u00fcr diesen Erfolg danke man dem Produktionsteam.<\/p>\n<p class=\"typo-body-default\">Ob auch die Einschaltquoten eine Rolle bei der Entscheidung spielten, ist offen. Die am Samstagvorabend ausgestrahlte Sendung erreichte den Angaben zufolge zuletzt rund 100.000 Zuschauerinnen und Zuschauer pro Folge. Zur Nutzung im Netz gibt es keine verl\u00e4ssliche, \u00f6ffentlich verf\u00fcgbare Zahlen.<\/p>\n<p class=\"typo-body-default\">In den rund halbst\u00fcndigen &#8222;B\u00f6hmi brutzelt&#8220;-Sendungen bereiteten B\u00f6hmermann und ein wechselnder prominenter Gast jeweils eigene Gerichte zu und unterhielten sich dabei. Am Herd standen unter anderem Igor Levit, Klaas Heufer-Umlauf, die Kaulitz-Br\u00fcder, Anke Engelke und Semino Rossi.<\/p>\n<p class=\"typo-body-default\">B\u00f6hmermanns journalistisch-satirische Late-Night-Show \u00a0&#8222;ZDF Magazin Royale&#8220; ist von dem &#8222;B\u00f6hmi brutzelt&#8220;-Aus nicht betroffen. Die Sendung kehrt nach der Sommerpause auf den Bildschirm zur\u00fcck. Stattdessen l\u00e4uft ab diesem Freitagabend um 23 Uhr vorerst die neue Late-Night-Show &#8222;Till Tonight&#8220; mit Till Reiners. Er gab dem stern vorab ein Interview: <a data-target-type=\"article\" href=\"https:\/\/www.stern.de\/kultur\/tv\/till-reiners-im-interview---gegenseitiger-neid-ist-etwas-herrliches--35826880.html\" rel=\"nofollow noopener\" target=\"_blank\">&#8222;Meine ma\u00dflose Selbst\u00fcbersch\u00e4tzung hat mich \u00fcber Wasser gehalten&#8220;<\/a><\/p>\n<p>\n    wue\n  <\/p>\n","protected":false},"excerpt":{"rendered":"&#8222;B\u00f6hmi brutzelt&#8220; ZDF stellt B\u00f6hmermann-Sendung laut Medienbericht ein Artikel anh\u00f6ren Kopiere den aktuellen Link Zur Merkliste hinzuf\u00fcgen Es&hellip;\n","protected":false},"author":2,"featured_media":206062,"comment_status":"","ping_status":"","sticky":false,"template":"","format":"standard","meta":{"footnotes":""},"categories":[1773],"tags":[29,214,30,471,1780,215],"class_list":{"0":"post-206061","1":"post","2":"type-post","3":"status-publish","4":"format-standard","5":"has-post-thumbnail","7":"category-serien","8":"tag-deutschland","9":"tag-entertainment","10":"tag-germany","11":"tag-serien","12":"tag-series","13":"tag-unterhaltung"},"share_on_mastodon":{"url":"https:\/\/pubeurope.com\/@de\/114717594972787596","error":""},"_links":{"self":[{"href":"https:\/\/www.europesays.com\/de\/wp-json\/wp\/v2\/posts\/206061","targetHints":{"allow":["GET"]}}],"collection":[{"href":"https:\/\/www.europesays.com\/de\/wp-json\/wp\/v2\/posts"}],"about":[{"href":"https:\/\/www.europesays.com\/de\/wp-json\/wp\/v2\/types\/post"}],"author":[{"embeddable":true,"href":"https:\/\/www.europesays.com\/de\/wp-json\/wp\/v2\/users\/2"}],"replies":[{"embeddable":true,"href":"https:\/\/www.europesays.com\/de\/wp-json\/wp\/v2\/comments?post=206061"}],"version-history":[{"count":0,"href":"https:\/\/www.europesays.com\/de\/wp-json\/wp\/v2\/posts\/206061\/revisions"}],"wp:featuredmedia":[{"embeddable":true,"href":"https:\/\/www.europesays.com\/de\/wp-json\/wp\/v2\/media\/206062"}],"wp:attachment":[{"href":"https:\/\/www.europesays.com\/de\/wp-json\/wp\/v2\/media?parent=206061"}],"wp:term":[{"taxonomy":"category","embeddable":true,"href":"https:\/\/www.europesays.com\/de\/wp-json\/wp\/v2\/categories?post=206061"},{"taxonomy":"post_tag","embeddable":true,"href":"https:\/\/www.europesays.com\/de\/wp-json\/wp\/v2\/tags?post=206061"}],"curies":[{"name":"wp","href":"https:\/\/api.w.org\/{rel}","templated":true}]}}