{"id":206082,"date":"2025-06-20T20:42:14","date_gmt":"2025-06-20T20:42:14","guid":{"rendered":"https:\/\/www.europesays.com\/de\/206082\/"},"modified":"2025-06-20T20:42:14","modified_gmt":"2025-06-20T20:42:14","slug":"versuchtes-toetungsdelikt-tatverdaechtiger-weiterhin-fluechtig-20-06-2025-19-55-uhr","status":"publish","type":"post","link":"https:\/\/www.europesays.com\/de\/206082\/","title":{"rendered":"Versuchtes T\u00f6tungsdelikt &#8211; Tatverd\u00e4chtiger weiterhin fl\u00fcchtig : 20.06.2025, 19.55 Uhr"},"content":{"rendered":"<p>\t\t\t\t\t\tNach dem Vorfall am 19. Juni 2025, 23.15 Uhr, im Gemeindegebiet Gerbstedt, dauern die Fahndungsma\u00dfnahmen der Polizei mit Hochdruck an. Gegen den 37-j\u00e4hrigen Tatverd\u00e4chtigen Andy B. wurde auf Antrag der Staatsanwaltschaft Halle beim Amtsgericht Halle (Saale) am heutigen Tag ein Haftbefehl wegen des dringenden Tatverdachts eines versuchten T\u00f6tungsdelikts im h\u00e4uslichen Bereich erlassen&#8230;<\/p>\n<p>Die polizeilichen Einsatzkr\u00e4fte konzentrieren sich bei der Fahndung aktuell auf den Landkreis Mansfeld-S\u00fcdharz sowie die Stadt Halle (Saale). Dort werden intensive Suchaktionen mit hoher Polizeipr\u00e4senz durchgef\u00fchrt. Der <br \/>&#13;<br \/>\nAufenthaltsort des Fl\u00fcchtigen ist weiterhin unbekannt. Die Polizei warnt eindringlich davor, unbekannte Personen im Bereich von Gerbstedt, Bernburg, K\u00f6nnern und Halle (Saale) als Anhalter mitzunehmen! Sollten Sie den Tatverd\u00e4chtigen sehen oder feststellen, bittet die Polizei dringend:<br \/>&#13;\n<\/p>\n<ul class=\"\">\n<li class=\"\">N\u00e4hern Sie sich der Person nicht!<br \/>&#13;<\/li>\n<li class=\"\">Informieren Sie sofort den Polizeinotruf 110!<br \/>&#13;<\/li>\n<li class=\"\">Machen Sie bitte m\u00f6glichst genaue Angaben zum Ort, der Zeit und seiner Bewegungsrichtung!<\/li>\n<\/ul>\n<p>\n<b>Beschreibung des Tatverd\u00e4chtigen:<\/b><\/p>\n<ul class=\"\">\n<li class=\"\">37 Jahre alt<br \/>&#13;<\/li>\n<li class=\"\">circa 1,75 m gro\u00df<br \/>&#13;<\/li>\n<li class=\"\">sportliche Statur<br \/>&#13;<\/li>\n<li class=\"\">kurze, dunkelblonde Haare<br \/>&#13;<\/li>\n<li class=\"\">zuletzt bekleidet mit schwarzer Jacke, dunklem T-Shirt sowie grauen Turnschuhen und einer dunklen kurzen Hose<\/li>\n<\/ul>\n<p>Die Ermittlungen zum Tatgeschehen sowie die Fahndungsma\u00dfnahmen werden im Zentralen Kriminaldienst der Polizeiinspektion Halle (Saale) in enger Abstimmung mit der zust\u00e4ndigen Staatsanwaltschaft Halle fortgef\u00fchrt.<br \/>&#13;<br \/>\nDie Polizei bedankt sich ausdr\u00fccklich bei der Bev\u00f6lkerung f\u00fcr die Mithilfe und bittet nun um Verst\u00e4ndnis f\u00fcr m\u00f6gliche Beeintr\u00e4chtigungen durch die laufenden Einsatzma\u00dfnahmen.<br \/>&#13;<br \/>\nWeitere Einzelheiten werden nicht bekanntgegeben.<\/p>\n<p>Die Polizei bittet um Hinweise aus der Bev\u00f6lkerung zum eventuellen Aufenthaltsort des Tatverd\u00e4chtigen. Telefonische Hinweise richten Sie bitte an die Polizeiinspektion Halle (Saale) <br \/>&#13;<br \/>\nunter (0345) 224 1291.<br \/>&#13;<\/p>\n<p>\t\t\t\t\t\t <a class=\"gallery dev_border\" data-lightbox=\"example-set\" href=\"https:\/\/www.nordthueringen.de\/_daten\/cache\/1024_719847_0620_66929753.jpg\" title=\"Tatverd\u00e4chtiger  (Foto: Polizeiinspektion Halle )\" target=\"_blank\" rel=\"noopener\"><img decoding=\"async\" class=\"gallery_bild\" src=\"https:\/\/www.europesays.com\/de\/wp-content\/uploads\/2025\/06\/152_719847_0620_66929753.jpg\" title=\"Tatverd\u00e4chtiger  (Foto: Polizeiinspektion Halle )\" alt=\"Tatverd\u00e4chtiger  (Foto: Polizeiinspektion Halle )\"\/><\/a><\/p>\n","protected":false},"excerpt":{"rendered":"Nach dem Vorfall am 19. Juni 2025, 23.15 Uhr, im Gemeindegebiet Gerbstedt, dauern die Fahndungsma\u00dfnahmen der Polizei mit&hellip;\n","protected":false},"author":2,"featured_media":206083,"comment_status":"","ping_status":"","sticky":false,"template":"","format":"standard","meta":{"footnotes":""},"categories":[1860],"tags":[3364,29,548,663,3934,30,4062,17332,13,14,15,17331,860,12],"class_list":{"0":"post-206082","1":"post","2":"type-post","3":"status-publish","4":"format-standard","5":"has-post-thumbnail","7":"category-halle-saale","8":"tag-de","9":"tag-deutschland","10":"tag-eu","11":"tag-europa","12":"tag-europe","13":"tag-germany","14":"tag-halle","15":"tag-halle-saale","16":"tag-headlines","17":"tag-nachrichten","18":"tag-news","19":"tag-saale","20":"tag-sachsen-anhalt","21":"tag-schlagzeilen"},"share_on_mastodon":{"url":"https:\/\/pubeurope.com\/@de\/114717638192826653","error":""},"_links":{"self":[{"href":"https:\/\/www.europesays.com\/de\/wp-json\/wp\/v2\/posts\/206082","targetHints":{"allow":["GET"]}}],"collection":[{"href":"https:\/\/www.europesays.com\/de\/wp-json\/wp\/v2\/posts"}],"about":[{"href":"https:\/\/www.europesays.com\/de\/wp-json\/wp\/v2\/types\/post"}],"author":[{"embeddable":true,"href":"https:\/\/www.europesays.com\/de\/wp-json\/wp\/v2\/users\/2"}],"replies":[{"embeddable":true,"href":"https:\/\/www.europesays.com\/de\/wp-json\/wp\/v2\/comments?post=206082"}],"version-history":[{"count":0,"href":"https:\/\/www.europesays.com\/de\/wp-json\/wp\/v2\/posts\/206082\/revisions"}],"wp:featuredmedia":[{"embeddable":true,"href":"https:\/\/www.europesays.com\/de\/wp-json\/wp\/v2\/media\/206083"}],"wp:attachment":[{"href":"https:\/\/www.europesays.com\/de\/wp-json\/wp\/v2\/media?parent=206082"}],"wp:term":[{"taxonomy":"category","embeddable":true,"href":"https:\/\/www.europesays.com\/de\/wp-json\/wp\/v2\/categories?post=206082"},{"taxonomy":"post_tag","embeddable":true,"href":"https:\/\/www.europesays.com\/de\/wp-json\/wp\/v2\/tags?post=206082"}],"curies":[{"name":"wp","href":"https:\/\/api.w.org\/{rel}","templated":true}]}}