{"id":206127,"date":"2025-06-20T21:05:45","date_gmt":"2025-06-20T21:05:45","guid":{"rendered":"https:\/\/www.europesays.com\/de\/206127\/"},"modified":"2025-06-20T21:05:45","modified_gmt":"2025-06-20T21:05:45","slug":"koenig-charles-iii-in-welchen-laendern-ist-er-staatsoberhaupt","status":"publish","type":"post","link":"https:\/\/www.europesays.com\/de\/206127\/","title":{"rendered":"K\u00f6nig Charles III.: In welchen L\u00e4ndern ist er Staatsoberhaupt?"},"content":{"rendered":"<p>Seit seiner Kr\u00f6nung am 6. Mai 2023 ist K\u00f6nig Charles III. offizielles Staatsoberhaupt des Vereinigten K\u00f6nigreichs. Aber in welchen weiteren L\u00e4ndern regiert er? Wir haben die \u00dcbersicht.<\/p>\n<p>27. November 2024 um 13:44 UhrLondon<\/p>\n<p>Ein Artikel von<\/p>\n<p><a href=\"https:\/\/www.swp.de\/autor\/judith-mueller-77526607.html\" class=\"u-author__block u-author__block--link\" rel=\"nofollow noopener\" target=\"_blank\"><img decoding=\"async\" alt=\"\" src=\"https:\/\/www.europesays.com\/de\/wp-content\/uploads\/2025\/06\/dc1cd580-fbd0-447a-afbb-523b6b331e53.jpeg\"\/><\/p>\n<p>Judith M\u00fcller<\/p>\n<p><\/a><img loading=\"lazy\" decoding=\"async\" src=\"https:\/\/www.europesays.com\/de\/wp-content\/uploads\/2025\/06\/d4d669ac-0750-4720-b5b9-020e2b40664b.jpeg\" class=\"u-base-image__image\" width=\"1504\" height=\"847\" alt=\"K\u00f6nig Charles III. regiert au\u00dfer im Vereinigten K\u00f6nigreich noch in 14 weiteren L\u00e4ndern.\"\/><\/p>\n<p class=\"u-base-image__cap m-0\">K\u00f6nig Charles III. regiert au\u00dfer im Vereinigten K\u00f6nigreich noch in 14 weiteren L\u00e4ndern.<\/p>\n<p>picture alliance\/dpa\/PA Wire Zusammenfassung Neu<\/p>\n<ul>\n<li>K\u00f6nig Charles III. ist seit dem 6. Mai 2023 Staatsoberhaupt des Vereinigten K\u00f6nigreichs.<\/li>\n<li>Er ist auch in 14 weiteren Commonwealth-L\u00e4ndern K\u00f6nig, darunter Kanada, Australien und Neuseeland.<\/li>\n<li>Seine Rolle ist \u00fcberall repr\u00e4sentativ und wird durch Generalgouverneure ausge\u00fcbt.<\/li>\n<li>Diese Position ist ein Relikt der Kolonialzeit und symbolisiert die Einheit des Commonwealth.<\/li>\n<li>Besuche in L\u00e4ndern wie Kanada und Australien fanden zuletzt 2022 und 2024 statt.<\/li>\n<\/ul>\n<p> Die Zusammenfassung wurde durch k\u00fcnstliche Intelligenz erstellt. <\/p>\n<p> War das hilfreich f\u00fcr Sie? <\/p>\n<p class=\"u-paragraph\" lazy=\"true\">K\u00f6nig Charles III. ist nicht nur K\u00f6nig des Vereinigten K\u00f6nigreichs, sondern auch <strong>Staatsoberhaupt<\/strong> <strong>mehrerer L\u00e4nder weltweit<\/strong>. Diese L\u00e4nder, die <strong>Teil des Commonwealth of Nations<\/strong> sind, erkennen den britischen Monarchen offiziell als ihr Staatsoberhaupt an. Doch welche L\u00e4nder geh\u00f6ren dazu, welche Rolle spielt der K\u00f6nig dort \u2013 und wann hat er diese L\u00e4nder zuletzt besucht? In diesem Artikel geben wir eine \u00dcbersicht.<\/p>\n<p>Ist K\u00f6nig Charles in allen L\u00e4ndern, in denen er K\u00f6nig ist, auch Staatsoberhaupt?<\/p>\n<p class=\"u-paragraph\" lazy=\"true\">In allen L\u00e4ndern, in denen K\u00f6nig Charles III. als Monarch anerkannt wird, ist er zugleich <strong>das offizielle Staatsoberhaupt<\/strong>. Allerdings ist seine Rolle \u00fcberall rein repr\u00e4sentativ und wird in der Praxis durch Generalgouverneure ausge\u00fcbt. Diese werden auf Empfehlung der jeweiligen nationalen Regierungen ernannt. Die politische Macht liegt in diesen L\u00e4ndern vollst\u00e4ndig bei den lokalen Parlamenten und Regierungen.<\/p>\n<p>\u00dcberbleibsel der Kolonialzeit<\/p>\n<p class=\"u-paragraph\" lazy=\"true\">Die Rolle von K\u00f6nig Charles III. als Staatsoberhaupt ist ein Relikt aus der Kolonialzeit, das jedoch von vielen L\u00e4ndern als Teil ihrer <strong>kulturellen Identit\u00e4t<\/strong> bewahrt wird. Trotz Debatten \u00fcber eine m\u00f6gliche Abschaffung der Monarchie bleibt der K\u00f6nig ein wichtiges Symbol f\u00fcr die Einheit des Commonwealth.<\/p>\n<p>L\u00e4nder mit Charles als Staatsoberhaupt1. Vereinigtes K\u00f6nigreich<\/p>\n<p class=\"u-paragraph\" lazy=\"true\"><strong>Status:<\/strong> K\u00f6nig Charles III. ist als K\u00f6nig von Gro\u00dfbritannien das Staatsoberhaupt.<\/p>\n<p class=\"u-paragraph\" lazy=\"true\"><strong>Macht:<\/strong> Seine Rolle ist \u00fcberwiegend zeremoniell, w\u00e4hrend die politische Macht beim Parlament und dem Premierminister liegt.<\/p>\n<p class=\"u-paragraph\" lazy=\"true\"><strong>Letzter Besuch:<\/strong> Als ans\u00e4ssiger Monarch besucht er regelm\u00e4\u00dfig verschiedene Regionen des Vereinigten K\u00f6nigreichs. Seine j\u00fcngste <strong>landesweite Tour<\/strong> war kurz nach seiner Thronbesteigung, um den B\u00fcrgern als neuer K\u00f6nig vorgestellt zu werden.<\/p>\n<p>2. Kanada<\/p>\n<p class=\"u-paragraph\" lazy=\"true\"><strong>Status:<\/strong> K\u00f6nig von Kanada<\/p>\n<p class=\"u-paragraph\" lazy=\"true\"><strong>Macht:<\/strong> Seine Rolle ist rein repr\u00e4sentativ, und der Generalgouverneur vertritt ihn vor Ort.<\/p>\n<p class=\"u-paragraph\" lazy=\"true\"><strong>Letzter Besuch:<\/strong> Charles besuchte Kanada zuletzt im Mai 2022 <strong>als Prinz von Wales<\/strong>. W\u00e4hrend seines Besuchs in Ottawa und anderen St\u00e4dten wurden Themen wie indigene Rechte und Umweltfragen angesprochen.<\/p>\n<p>3. Australien<\/p>\n<p class=\"u-paragraph\" lazy=\"true\"><strong>Status:<\/strong> K\u00f6nig von Australien.<\/p>\n<p class=\"u-paragraph\" lazy=\"true\"><strong>Macht:<\/strong> Symbolisch; politische Macht liegt beim Premierminister und dem Parlament.<\/p>\n<p class=\"u-paragraph\" lazy=\"true\"><strong>Letzter Besuch:<\/strong> Charles war zuletzt im Oktober 2024 mit seiner Frau K\u00f6nigin Camilla in Australien.<\/p>\n<p>4. Neuseeland<\/p>\n<p class=\"u-paragraph\" lazy=\"true\"><strong>Status:<\/strong> K\u00f6nig von Neuseeland.<\/p>\n<p class=\"u-paragraph\" lazy=\"true\"><strong>Macht:<\/strong> Seine Rolle ist rein zeremoniell, repr\u00e4sentiert durch den Generalgouverneur.<\/p>\n<p class=\"u-paragraph\" lazy=\"true\"><strong>Letzter Besuch:<\/strong> Charles besuchte Neuseeland zuletzt im September 2024.<\/p>\n<p>5. Papua-Neuguinea<\/p>\n<p class=\"u-paragraph\" lazy=\"true\"><strong>Status:<\/strong> K\u00f6nig von Papua-Neuguinea.<\/p>\n<p class=\"u-paragraph\" lazy=\"true\"><strong>Macht:<\/strong> Der K\u00f6nig hat keine politische Macht und wird durch den Generalgouverneur vertreten.<\/p>\n<p class=\"u-paragraph\" lazy=\"true\"><strong>Letzter Besuch:<\/strong> Im Jahr 2012 besuchte Charles das Land im Rahmen einer Pazifikreise als <strong>Prinz von Wales.<\/strong><\/p>\n<p>6. Jamaika<\/p>\n<p class=\"u-paragraph\" lazy=\"true\"><strong>Status:<\/strong> K\u00f6nig von Jamaika.<\/p>\n<p class=\"u-paragraph\" lazy=\"true\"><strong>Macht:<\/strong> Symbolische Rolle, ausge\u00fcbt durch den Generalgouverneur.<\/p>\n<p class=\"u-paragraph\" lazy=\"true\"><strong>Letzter Besuch:<\/strong> Charles besuchte Jamaika zuletzt 2008. Seitdem gibt es zunehmend Diskussionen \u00fcber eine Losl\u00f6sung von der Monarchie.<\/p>\n<p>7. Antigua und Barbuda<\/p>\n<p class=\"u-paragraph\" lazy=\"true\"><strong>Status:<\/strong> K\u00f6nig von Antigua und Barbuda.<\/p>\n<p class=\"u-paragraph\" lazy=\"true\"><strong>Macht:<\/strong> Reine Repr\u00e4sentation, vertreten durch den Generalgouverneur.<\/p>\n<p class=\"u-paragraph\" lazy=\"true\"><strong>Letzter Besuch:<\/strong> Im Jahr 2017 besuchte Charles Antigua und Barbuda nach den Zerst\u00f6rungen durch Hurrikan Irma.<\/p>\n<p>8. Bahamas<\/p>\n<p class=\"u-paragraph\" lazy=\"true\"><strong>Status:<\/strong> K\u00f6nig der Bahamas.<\/p>\n<p class=\"u-paragraph\" lazy=\"true\"><strong>Macht:<\/strong> Symbolische Rolle, ausge\u00fcbt durch den Generalgouverneur.<\/p>\n<p class=\"u-paragraph\" lazy=\"true\"><strong>Letzter Besuch:<\/strong> Im Jahr 2019 waren Charles und Camilla im Rahmen einer zw\u00f6lft\u00e4gigen Karibikreise auf den Bahamas.<\/p>\n<p>9. Belize<\/p>\n<p class=\"u-paragraph\" lazy=\"true\"><strong>Status:<\/strong> K\u00f6nig von Belize.<\/p>\n<p class=\"u-paragraph\" lazy=\"true\"><strong>Macht:<\/strong> \u00c4hnlich wie in anderen L\u00e4ndern ist seine Rolle repr\u00e4sentativ. Der Generalgouverneur agiert als Vertreter.<\/p>\n<p>10. St. Kitts und Nevis<\/p>\n<p class=\"u-paragraph\" lazy=\"true\"><strong>Status:<\/strong> K\u00f6nig von St. Kitts und Nevis.<\/p>\n<p class=\"u-paragraph\" lazy=\"true\"><strong>Macht:<\/strong>\u00a0Er hat keine direkte Macht. Der Generalgouverneur vertritt den K\u00f6nig.<\/p>\n<p>11. weitere L\u00e4nder und Gebiete, in denen Charles III. regiert<\/p>\n<p class=\"u-paragraph\" lazy=\"true\">K\u00f6nig Charles III. ist au\u00dferdem Staatsoberhaupt in weiteren Commonwealth-L\u00e4ndern wie <strong>St. Lucia, St. Vincent und die Grenadinen, Grenada, Tuvalu und den Salomon-Inseln.<\/strong><\/p>\n<p class=\"u-paragraph\" lazy=\"true\">In all diesen L\u00e4ndern hat er eine rein repr\u00e4sentative Funktion, die durch Generalgouverneure ausge\u00fcbt wird.<\/p>\n","protected":false},"excerpt":{"rendered":"Seit seiner Kr\u00f6nung am 6. Mai 2023 ist K\u00f6nig Charles III. offizielles Staatsoberhaupt des Vereinigten K\u00f6nigreichs. Aber in&hellip;\n","protected":false},"author":2,"featured_media":206128,"comment_status":"","ping_status":"","sticky":false,"template":"","format":"standard","meta":{"footnotes":""},"categories":[3976],"tags":[331,332,13,14,15,12,3992,3993,3994,3995,3996,3997],"class_list":{"0":"post-206127","1":"post","2":"type-post","3":"status-publish","4":"format-standard","5":"has-post-thumbnail","7":"category-vereinigtes-koenigreich","8":"tag-aktuelle-nachrichten","9":"tag-aktuelle-news","10":"tag-headlines","11":"tag-nachrichten","12":"tag-news","13":"tag-schlagzeilen","14":"tag-uk","15":"tag-united-kingdom","16":"tag-united-kingdom-of-great-britain-and-northern-ireland","17":"tag-vereinigtes-koenigreich","18":"tag-vereinigtes-koenigreich-grossbritannien-und-nordirland","19":"tag-vereinigtes-koenigreich-von-grossbritannien-und-nordirland"},"share_on_mastodon":{"url":"https:\/\/pubeurope.com\/@de\/114717728783660957","error":""},"_links":{"self":[{"href":"https:\/\/www.europesays.com\/de\/wp-json\/wp\/v2\/posts\/206127","targetHints":{"allow":["GET"]}}],"collection":[{"href":"https:\/\/www.europesays.com\/de\/wp-json\/wp\/v2\/posts"}],"about":[{"href":"https:\/\/www.europesays.com\/de\/wp-json\/wp\/v2\/types\/post"}],"author":[{"embeddable":true,"href":"https:\/\/www.europesays.com\/de\/wp-json\/wp\/v2\/users\/2"}],"replies":[{"embeddable":true,"href":"https:\/\/www.europesays.com\/de\/wp-json\/wp\/v2\/comments?post=206127"}],"version-history":[{"count":0,"href":"https:\/\/www.europesays.com\/de\/wp-json\/wp\/v2\/posts\/206127\/revisions"}],"wp:featuredmedia":[{"embeddable":true,"href":"https:\/\/www.europesays.com\/de\/wp-json\/wp\/v2\/media\/206128"}],"wp:attachment":[{"href":"https:\/\/www.europesays.com\/de\/wp-json\/wp\/v2\/media?parent=206127"}],"wp:term":[{"taxonomy":"category","embeddable":true,"href":"https:\/\/www.europesays.com\/de\/wp-json\/wp\/v2\/categories?post=206127"},{"taxonomy":"post_tag","embeddable":true,"href":"https:\/\/www.europesays.com\/de\/wp-json\/wp\/v2\/tags?post=206127"}],"curies":[{"name":"wp","href":"https:\/\/api.w.org\/{rel}","templated":true}]}}