{"id":206215,"date":"2025-06-20T21:55:13","date_gmt":"2025-06-20T21:55:13","guid":{"rendered":"https:\/\/www.europesays.com\/de\/206215\/"},"modified":"2025-06-20T21:55:13","modified_gmt":"2025-06-20T21:55:13","slug":"normannische-spezialitaeten-calvados-und-poire-alles-in-butter-sendungen-wdr-5-radio","status":"publish","type":"post","link":"https:\/\/www.europesays.com\/de\/206215\/","title":{"rendered":"Normannische Spezialit\u00e4ten: Calvados und Poir\u00e9 &#8211; Alles in Butter &#8211; Sendungen &#8211; WDR 5 &#8211; Radio"},"content":{"rendered":"<p class=\"text small\">Redaktion: Heiko Hillebrand<\/p>\n<p>Adressen aus der Sendung<\/p>\n<p class=\"text small\"><strong>Poir\u00e9 AOP Domfront, Pays du Domfrontais<\/strong><br \/>Chez Mus\u00e9e du poir\u00e9, Logerais<br \/>50720 Barenton<br \/>Frankreich<br \/>Mail: contact@poire-domfront.fr<\/p>\n<p class=\"text small\"><strong>Pacory Ferme des Grimaux<\/strong><br \/>Les Grimaux, <br \/>61350 Mantilly<br \/>Frankreich<br \/>Mail: pacory.fermedesgrimaux@gmail.com<\/p>\n<p class=\"text small\"><strong>Le Domaine des Essarts<\/strong><br \/>3767 RD182 14140<br \/>Lessard et le Ch\u00eane<br \/>Frankreich<br \/>Mail: info@domainedesessarts.com<\/p>\n<p class=\"text small\"><strong>La Maison du Camembert<\/strong><br \/>61120 Camembert<br \/>Frankreich<br \/>Mail: maison.du.camembert@orange.fr<\/p>\n<p>Buch-Tipp<\/p>\n<p class=\"text small\">Hilke Maunder (2024): Normandie. Geschichten und <a href=\"https:\/\/www1.wdr.de\/verbraucher\/rezepte\/index.html\" rel=\"neutral nofollow noopener\" title=\"\u00dcbersicht WDR-Rezepte im \u00dcberblick\" target=\"_blank\">Rezepte<\/a> aus der Heimat von Cidre, Calvados und Camembert. M\u00fcnchen: Christian Verlag. 240 Seiten. 34,99 Euro. ISBN\/EAN: 9783959618595.<\/p>\n<p>Podcast-Tipp <\/p>\n<p class=\"text small\">ARD Reisen<br \/><a href=\"https:\/\/1.ard.de\/reisen-magische-normandie?ct=d\" rel=\"nofollow noopener\" title=\"&quot;Normandie \u2013 Auf der Suche nach magischen Momenten in Nordfrankreich&quot;\" target=\"_blank\">Normandie \u2013 Auf der Suche nach magischen Momenten in Nordfrankreich<\/a><\/p>\n<p class=\"text small\">Rauer Seewind, steile Klippen, endlose Sandstr\u00e4nde, legend\u00e4re Kultursch\u00e4tze und authentische Menschen: Die Normandie ist ein Reiseziel f\u00fcr Individualisten und alle, die Abwechslung lieben und die eine oder andere Wetterkapriole nicht scheuen. <\/p>\n","protected":false},"excerpt":{"rendered":"Redaktion: Heiko Hillebrand Adressen aus der Sendung Poir\u00e9 AOP Domfront, Pays du DomfrontaisChez Mus\u00e9e du poir\u00e9, Logerais50720 BarentonFrankreichMail:&hellip;\n","protected":false},"author":2,"featured_media":206216,"comment_status":"","ping_status":"","sticky":false,"template":"","format":"standard","meta":{"footnotes":""},"categories":[1772],"tags":[29,214,30,1779,810,215],"class_list":{"0":"post-206215","1":"post","2":"type-post","3":"status-publish","4":"format-standard","5":"has-post-thumbnail","7":"category-musik","8":"tag-deutschland","9":"tag-entertainment","10":"tag-germany","11":"tag-music","12":"tag-musik","13":"tag-unterhaltung"},"share_on_mastodon":{"url":"https:\/\/pubeurope.com\/@de\/114717925311176735","error":""},"_links":{"self":[{"href":"https:\/\/www.europesays.com\/de\/wp-json\/wp\/v2\/posts\/206215","targetHints":{"allow":["GET"]}}],"collection":[{"href":"https:\/\/www.europesays.com\/de\/wp-json\/wp\/v2\/posts"}],"about":[{"href":"https:\/\/www.europesays.com\/de\/wp-json\/wp\/v2\/types\/post"}],"author":[{"embeddable":true,"href":"https:\/\/www.europesays.com\/de\/wp-json\/wp\/v2\/users\/2"}],"replies":[{"embeddable":true,"href":"https:\/\/www.europesays.com\/de\/wp-json\/wp\/v2\/comments?post=206215"}],"version-history":[{"count":0,"href":"https:\/\/www.europesays.com\/de\/wp-json\/wp\/v2\/posts\/206215\/revisions"}],"wp:featuredmedia":[{"embeddable":true,"href":"https:\/\/www.europesays.com\/de\/wp-json\/wp\/v2\/media\/206216"}],"wp:attachment":[{"href":"https:\/\/www.europesays.com\/de\/wp-json\/wp\/v2\/media?parent=206215"}],"wp:term":[{"taxonomy":"category","embeddable":true,"href":"https:\/\/www.europesays.com\/de\/wp-json\/wp\/v2\/categories?post=206215"},{"taxonomy":"post_tag","embeddable":true,"href":"https:\/\/www.europesays.com\/de\/wp-json\/wp\/v2\/tags?post=206215"}],"curies":[{"name":"wp","href":"https:\/\/api.w.org\/{rel}","templated":true}]}}