{"id":206326,"date":"2025-06-20T22:54:13","date_gmt":"2025-06-20T22:54:13","guid":{"rendered":"https:\/\/www.europesays.com\/de\/206326\/"},"modified":"2025-06-20T22:54:13","modified_gmt":"2025-06-20T22:54:13","slug":"neuer-kunstrasenplatz-in-benrath-soll-2027-gebaut-werden","status":"publish","type":"post","link":"https:\/\/www.europesays.com\/de\/206326\/","title":{"rendered":"Neuer Kunstrasenplatz in Benrath soll 2027 gebaut werden"},"content":{"rendered":"<p class=\"text_ohne_einzug richtext text-em-55 !leading-serif mx-6 desktop:mx-0\">  Schon l\u00e4nger wartet der VfL Benrath auf einen zweiten <a href=\"https:\/\/rp-online.de\/thema\/kunstrasenplatz\/\" target=\"_blank\" rel=\"noopener\">Kunstrasenplatz<\/a>. Weil viele Fu\u00dfballteams auf der Anlage an der Karl-Hohmann-Stra\u00dfe spielen, wird dieser dringend ben\u00f6tigt. Jetzt kommt Bewegung in die Sache: In der n\u00e4chsten Sitzung des Sportausschusses k\u00f6nnten die Politiker die Verwaltung damit beauftragen, die Planung f\u00fcr das Projekt durchzuf\u00fchren und die genauen Kosten zu berechnen.<\/p>\n","protected":false},"excerpt":{"rendered":"Schon l\u00e4nger wartet der VfL Benrath auf einen zweiten Kunstrasenplatz. Weil viele Fu\u00dfballteams auf der Anlage an der&hellip;\n","protected":false},"author":2,"featured_media":206327,"comment_status":"","ping_status":"","sticky":false,"template":"","format":"standard","meta":{"footnotes":""},"categories":[1831],"tags":[2164,12180,34767,3364,29,3405,30,67076,21433,67074,1209,8816,20272,67075,13371],"class_list":{"0":"post-206326","1":"post","2":"type-post","3":"status-publish","4":"format-standard","5":"has-post-thumbnail","7":"category-duesseldorf","8":"tag-anlage","9":"tag-benrath","10":"tag-bezirkssportanlage","11":"tag-de","12":"tag-deutschland","13":"tag-duesseldorf","14":"tag-germany","15":"tag-hohmann","16":"tag-karl","17":"tag-kunstrasenplatz","18":"tag-nordrhein-westfalen","19":"tag-ort","20":"tag-quartal","21":"tag-sportausschusses","22":"tag-vfl"},"share_on_mastodon":{"url":"https:\/\/pubeurope.com\/@de\/114718157456620981","error":""},"_links":{"self":[{"href":"https:\/\/www.europesays.com\/de\/wp-json\/wp\/v2\/posts\/206326","targetHints":{"allow":["GET"]}}],"collection":[{"href":"https:\/\/www.europesays.com\/de\/wp-json\/wp\/v2\/posts"}],"about":[{"href":"https:\/\/www.europesays.com\/de\/wp-json\/wp\/v2\/types\/post"}],"author":[{"embeddable":true,"href":"https:\/\/www.europesays.com\/de\/wp-json\/wp\/v2\/users\/2"}],"replies":[{"embeddable":true,"href":"https:\/\/www.europesays.com\/de\/wp-json\/wp\/v2\/comments?post=206326"}],"version-history":[{"count":0,"href":"https:\/\/www.europesays.com\/de\/wp-json\/wp\/v2\/posts\/206326\/revisions"}],"wp:featuredmedia":[{"embeddable":true,"href":"https:\/\/www.europesays.com\/de\/wp-json\/wp\/v2\/media\/206327"}],"wp:attachment":[{"href":"https:\/\/www.europesays.com\/de\/wp-json\/wp\/v2\/media?parent=206326"}],"wp:term":[{"taxonomy":"category","embeddable":true,"href":"https:\/\/www.europesays.com\/de\/wp-json\/wp\/v2\/categories?post=206326"},{"taxonomy":"post_tag","embeddable":true,"href":"https:\/\/www.europesays.com\/de\/wp-json\/wp\/v2\/tags?post=206326"}],"curies":[{"name":"wp","href":"https:\/\/api.w.org\/{rel}","templated":true}]}}