{"id":206518,"date":"2025-06-21T00:41:12","date_gmt":"2025-06-21T00:41:12","guid":{"rendered":"https:\/\/www.europesays.com\/de\/206518\/"},"modified":"2025-06-21T00:41:12","modified_gmt":"2025-06-21T00:41:12","slug":"katherina-reiche-zu-aufschwung-in-diesem-jahr-ich-bin-vorsichtig","status":"publish","type":"post","link":"https:\/\/www.europesays.com\/de\/206518\/","title":{"rendered":"Katherina Reiche zu Aufschwung in diesem Jahr: &#8222;Ich bin vorsichtig&#8220;"},"content":{"rendered":"<p>Milliardenausgaben f\u00fcr Infrastruktur <\/p>\n<p>Aufschwung schon 2025? Das sagt die Wirtschaftsministerin<\/p>\n<p>20.06.2025 &#8211; 23:02 UhrLesedauer: 1 Min.<\/p>\n<p><a href=\"#focus-0\" class=\"transition-colors duration-200 focus-within:text-magenta block text-current relative\" data-sctrack=\"FocusGalleryImage.Reference\"><img fetchpriority=\"high\" data-testid=\"Opener.Image\" style=\"--lqipURL:url('https:\/\/images.t-online.de\/2025\/06\/MkYDD1QiPSkZ\/0x209:4000x2250\/fit-in\/150x0\/filters:blur(25)\/katherina-reiche-uebergabe-wirtschaftsbericht-katherina-reiche-bundesministerin-fuer-wirtschaft-und-energie-berlin-berlin-ger-katherina-reiche-handover-of-the-economic-report-katherina-reiche-federal-minister-for-economic-affairs-and-energy-berlin-berlin-ger.jpg')\"   loading=\"eager\" src=\"https:\/\/www.europesays.com\/de\/wp-content\/uploads\/2025\/06\/katherina-reiche-uebergabe-wirtschaftsbericht-katherina-reiche-bundesministerin-fuer-wirtschaft-und-.jpeg\" alt=\"imago images 0822164780\" title=\"imago images 0822164780\" width=\"4000\" height=\"2250\" class=\"bg-[url:var(--lqipURL)] bg-cover bg-center flex h-full w-full max-w-full\" decoding=\"async\"\/><img style=\"--width:32;--height:32\" loading=\"lazy\" src=\"https:\/\/www.t-online.de\/s\/paper\/_next\/static\/media\/zoom-in.f7dae02f.svg\" alt=\"Vergr\u00f6\u00dfern des Bildes\" title=\"Vergr\u00f6\u00dfern des Bildes\" class=\"block h-[calc(var(--height)_\/_16_*_1rem)] w-[calc(var(--width)_\/_16_*_1rem)] max-w-none absolute bottom-8 right-8 rounded-4 bg-snow p-8\" decoding=\"async\"\/><\/a><\/p>\n<p>Katherina Reiche, Bundesministerin f\u00fcr Wirtschaft und Energie, bei einer Pressekonferenz: Sie sieht einen Konjunkturaufschwung nicht nicht als sicher. (Quelle: IMAGO\/ESDES.Pictures, Bernd Elmenthaler\/imago)<\/p>\n<p class=\"font-bold text-18 leading-17\">Wirtschaftsministerin Reiche sieht Deutschland als Konjunkturtreiber in Europa. Doch noch mag sie nicht von einem Aufschwung in 2025 sprechen<\/p>\n<p class=\"text-18 leading-17\">Bundeswirtschaftsministerin Katherina Reiche h\u00e4lt einen konjunkturellen Aufschwung in Deutschland 2025 noch nicht f\u00fcr ausgemacht. &#8222;Ich bin vorsichtig&#8220;, sagte die CDU-Politikerin in den ARD-&#8222;Tagesthemen&#8220;. Aus &#8222;Vorzieheffekten&#8220; infolge der Handelsstreitigkeiten mit den <a class=\"transition-colors duration-200 cursor-pointer text-inherit no-underline text-salemsfur md:hover:text-magenta md:hover:border-magenta md:focus:text-magenta border-current border-b border-solid break-words\" href=\"https:\/\/www.t-online.de\/themen\/usa\/\" data-sctrack=\"BodyAnchor\" target=\"_blank\" rel=\"noopener\">USA<\/a> d\u00fcrften keine falschen R\u00fcckschl\u00fcsse gezogen werden. &#8222;Die Stimmung im Land zu drehen, ist wichtig, aber es braucht auch nachhaltige Reformen.&#8220; Die w\u00fcrden von der neuen <a class=\"transition-colors duration-200 cursor-pointer text-inherit no-underline text-salemsfur md:hover:text-magenta md:hover:border-magenta md:focus:text-magenta border-current border-b border-solid break-words\" href=\"https:\/\/www.t-online.de\/themen\/bundesregierung\/\" data-sctrack=\"BodyAnchor\" target=\"_blank\" rel=\"noopener\">Bundesregierung<\/a> erst angeschoben.<\/p>\n<p class=\"text-18 leading-17\">Bundesbank-Pr\u00e4sident Joachim Nagel hatte zuletzt f\u00fcr m\u00f6glich gehalten, dass Deutschland 2025 knapp am dritten Jahr ohne Wachstum vorbeischrammt: Ein &#8222;leichter Anstieg der gesamtwirtschaftlichen Leistung&#8220; k\u00f6nnte im Jahresdurchschnitt m\u00f6glich sein. Im ersten Quartal war das Wachstum mit plus 0,4 Prozent doppelt so stark ausgefallen wie zun\u00e4chst errechnet.<\/p>\n<p class=\"text-18 leading-17\">Allgemein erwarten \u00d6konomen, dass die geplanten Milliardenausgaben f\u00fcr Infrastruktur und Verteidigung die Konjunktur sp\u00e4testens ab 2026 anschieben werden.<\/p>\n<p class=\"text-18 leading-17\">Reiche betonte, ein Aufschwung in Deutschland sei entscheidend, denn die gr\u00f6\u00dfte Wirtschaftskraft Europas m\u00fcsse &#8222;den gesamten Kontinent wieder nach oben ziehen&#8220;.<\/p>\n<p class=\"text-18 leading-17\">Reiche hatte bei einem Besuch in den USA betont, wie wichtig eine schnelle Einigung im Zollstreit f\u00fcr Deutschland ist. Ziel ihres Besuchs bis Samstag ist es, die EU-Verhandlungen in einer sensiblen Phase gezielt zu unterst\u00fctzen. Reiche sprach dazu unter anderem mit Finanzminister Scott Bessent und Handelsminister Howard Lutnick.<\/p>\n","protected":false},"excerpt":{"rendered":"Milliardenausgaben f\u00fcr Infrastruktur Aufschwung schon 2025? Das sagt die Wirtschaftsministerin 20.06.2025 &#8211; 23:02 UhrLesedauer: 1 Min. Katherina Reiche,&hellip;\n","protected":false},"author":2,"featured_media":206519,"comment_status":"","ping_status":"","sticky":false,"template":"","format":"standard","meta":{"footnotes":""},"categories":[134],"tags":[1217,223,18637,175,31,170,169,29,663,30,5544,30427,171,174,67109,34862,173,172,64],"class_list":{"0":"post-206518","1":"post","2":"type-post","3":"status-publish","4":"format-standard","5":"has-post-thumbnail","7":"category-unternehmen-maerkte","8":"tag-1217","9":"tag-ard","10":"tag-aufschwung","11":"tag-business","12":"tag-cdu","13":"tag-companies","14":"tag-companies-markets","15":"tag-deutschland","16":"tag-europa","17":"tag-germany","18":"tag-infrastruktur","19":"tag-katherina-reiche","20":"tag-markets","21":"tag-maerkte","22":"tag-milliardenausgabe","23":"tag-tagesthemen","24":"tag-unternehmen","25":"tag-unternehmen-maerkte","26":"tag-usa"},"share_on_mastodon":{"url":"https:\/\/pubeurope.com\/@de\/114718578079827461","error":""},"_links":{"self":[{"href":"https:\/\/www.europesays.com\/de\/wp-json\/wp\/v2\/posts\/206518","targetHints":{"allow":["GET"]}}],"collection":[{"href":"https:\/\/www.europesays.com\/de\/wp-json\/wp\/v2\/posts"}],"about":[{"href":"https:\/\/www.europesays.com\/de\/wp-json\/wp\/v2\/types\/post"}],"author":[{"embeddable":true,"href":"https:\/\/www.europesays.com\/de\/wp-json\/wp\/v2\/users\/2"}],"replies":[{"embeddable":true,"href":"https:\/\/www.europesays.com\/de\/wp-json\/wp\/v2\/comments?post=206518"}],"version-history":[{"count":0,"href":"https:\/\/www.europesays.com\/de\/wp-json\/wp\/v2\/posts\/206518\/revisions"}],"wp:featuredmedia":[{"embeddable":true,"href":"https:\/\/www.europesays.com\/de\/wp-json\/wp\/v2\/media\/206519"}],"wp:attachment":[{"href":"https:\/\/www.europesays.com\/de\/wp-json\/wp\/v2\/media?parent=206518"}],"wp:term":[{"taxonomy":"category","embeddable":true,"href":"https:\/\/www.europesays.com\/de\/wp-json\/wp\/v2\/categories?post=206518"},{"taxonomy":"post_tag","embeddable":true,"href":"https:\/\/www.europesays.com\/de\/wp-json\/wp\/v2\/tags?post=206518"}],"curies":[{"name":"wp","href":"https:\/\/api.w.org\/{rel}","templated":true}]}}