{"id":206615,"date":"2025-06-21T01:34:13","date_gmt":"2025-06-21T01:34:13","guid":{"rendered":"https:\/\/www.europesays.com\/de\/206615\/"},"modified":"2025-06-21T01:34:13","modified_gmt":"2025-06-21T01:34:13","slug":"solar-haendler-solago-will-in-reisholz-weiter-wachsen","status":"publish","type":"post","link":"https:\/\/www.europesays.com\/de\/206615\/","title":{"rendered":"Solar-H\u00e4ndler Solago will in Reisholz weiter wachsen"},"content":{"rendered":"<p class=\"text_ohne_einzug richtext text-em-55 !leading-serif mx-6 desktop:mx-0\">Es ist eine Erfolgsgeschichte, die in <a href=\"https:\/\/rp-online.de\/thema\/hilden\/\" target=\"_blank\" rel=\"noopener\">Hilden<\/a> startete und jetzt im Reisholzer Gewerbegebiet fortgesetzt wird. Die drei Gr\u00fcnder Janik Nolden, Julian Dienst und Kevin Malek zogen mit ihrem Unternehmen \u201eSolago\u201c erst im vergangenen Jahr in ein ehemaliges M\u00f6belhaus in D\u00fcsseldorfs Nachbarstadt. Die dortige Raumkapazit\u00e4t: rund 11.000 Quadratmeter. Doch der H\u00f6henflug geht so rasant weiter, dass die Halle l\u00e4ngst schon wieder aus allen N\u00e4hten platzt.<\/p>\n","protected":false},"excerpt":{"rendered":"Es ist eine Erfolgsgeschichte, die in Hilden startete und jetzt im Reisholzer Gewerbegebiet fortgesetzt wird. Die drei Gr\u00fcnder&hellip;\n","protected":false},"author":2,"featured_media":206616,"comment_status":"","ping_status":"","sticky":false,"template":"","format":"standard","meta":{"footnotes":""},"categories":[1831],"tags":[67127,3364,29,3405,4788,30,17679,4062,67128,33130,13313,5316,67126,67123,1209,67129,67125,67124],"class_list":{"0":"post-206615","1":"post","2":"type-post","3":"status-publish","4":"format-standard","5":"has-post-thumbnail","7":"category-duesseldorf","8":"tag-balkonkraftwerke","9":"tag-de","10":"tag-deutschland","11":"tag-duesseldorf","12":"tag-euro","13":"tag-germany","14":"tag-gruender","15":"tag-halle","16":"tag-hallenteil","17":"tag-haendler","18":"tag-hilden","19":"tag-kraft","20":"tag-naehten","21":"tag-nolden","22":"tag-nordrhein-westfalen","23":"tag-onlinehaendler","24":"tag-platzt","25":"tag-solago"},"share_on_mastodon":{"url":"https:\/\/pubeurope.com\/@de\/114718786834260101","error":""},"_links":{"self":[{"href":"https:\/\/www.europesays.com\/de\/wp-json\/wp\/v2\/posts\/206615","targetHints":{"allow":["GET"]}}],"collection":[{"href":"https:\/\/www.europesays.com\/de\/wp-json\/wp\/v2\/posts"}],"about":[{"href":"https:\/\/www.europesays.com\/de\/wp-json\/wp\/v2\/types\/post"}],"author":[{"embeddable":true,"href":"https:\/\/www.europesays.com\/de\/wp-json\/wp\/v2\/users\/2"}],"replies":[{"embeddable":true,"href":"https:\/\/www.europesays.com\/de\/wp-json\/wp\/v2\/comments?post=206615"}],"version-history":[{"count":0,"href":"https:\/\/www.europesays.com\/de\/wp-json\/wp\/v2\/posts\/206615\/revisions"}],"wp:featuredmedia":[{"embeddable":true,"href":"https:\/\/www.europesays.com\/de\/wp-json\/wp\/v2\/media\/206616"}],"wp:attachment":[{"href":"https:\/\/www.europesays.com\/de\/wp-json\/wp\/v2\/media?parent=206615"}],"wp:term":[{"taxonomy":"category","embeddable":true,"href":"https:\/\/www.europesays.com\/de\/wp-json\/wp\/v2\/categories?post=206615"},{"taxonomy":"post_tag","embeddable":true,"href":"https:\/\/www.europesays.com\/de\/wp-json\/wp\/v2\/tags?post=206615"}],"curies":[{"name":"wp","href":"https:\/\/api.w.org\/{rel}","templated":true}]}}