{"id":206625,"date":"2025-06-21T01:39:09","date_gmt":"2025-06-21T01:39:09","guid":{"rendered":"https:\/\/www.europesays.com\/de\/206625\/"},"modified":"2025-06-21T01:39:09","modified_gmt":"2025-06-21T01:39:09","slug":"gerhard-korte-ist-der-plattenkoenig-von-leverkusen","status":"publish","type":"post","link":"https:\/\/www.europesays.com\/de\/206625\/","title":{"rendered":"Gerhard Korte ist der Plattenk\u00f6nig von Leverkusen"},"content":{"rendered":"<p class=\"text_ohne_einzug richtext text-em-55 !leading-serif mx-6 desktop:mx-0\">Als Sch\u00fcler befand sich Gerhard Korte 1964 bei einem Austausch im englische Bournemouth. Er sprach ob seines noch jungen Alters, erz\u00e4hlt er, kaum Englisch, seine Gastfamilie allerdings auch kein Deutsch. Daher kam es f\u00fcr den heute 77-J\u00e4hrigen  recht pl\u00f6tzlich, als ihm ein Konzertticket in die Hand gedr\u00fcckt wurde \u2013 f\u00fcr: die Beatles? Ohne Erwartungen besuchte er den Abend der angehenden Musik-Superstars und war fortan Fan. Zwar geh\u00f6rte sein erster Plattenkauf nach der R\u00fcckkehr den <a href=\"https:\/\/rp-online.de\/thema\/rolling-stones\/\" target=\"_blank\" rel=\"noopener\">Rolling Stones<\/a>, doch der begr\u00fcndete seine Platten-Sammelleidenschaft, die vorrangig den Beatles gilt. Heute umfasst seine Sammlung insgesamt rund 40.000 Exemplare. Korte ist dank ihr unter Gleichgesinnten weltweit bekannt.<\/p>\n","protected":false},"excerpt":{"rendered":"Als Sch\u00fcler befand sich Gerhard Korte 1964 bei einem Austausch im englische Bournemouth. Er sprach ob seines noch&hellip;\n","protected":false},"author":2,"featured_media":206626,"comment_status":"","ping_status":"","sticky":false,"template":"","format":"standard","meta":{"footnotes":""},"categories":[1828],"tags":[13586,67137,36496,29,67134,30,1420,2375,810,67139,43204,1209,15487,67138,67135,546,15472,67136,15987],"class_list":{"0":"post-206625","1":"post","2":"type-post","3":"status-publish","4":"format-standard","5":"has-post-thumbnail","7":"category-koeln","8":"tag-sammlung","9":"tag-angehenden","10":"tag-beatles","11":"tag-deutschland","12":"tag-gerhard-korte","13":"tag-germany","14":"tag-koeln","15":"tag-leverkusen","16":"tag-musik","17":"tag-musikhaus","18":"tag-musikliebhaber","19":"tag-nordrhein-westfalen","20":"tag-platte","21":"tag-plattenhuellen","22":"tag-plattenkauf","23":"tag-rock","24":"tag-schallplatten","25":"tag-superstars","26":"tag-trocken"},"share_on_mastodon":{"url":"https:\/\/pubeurope.com\/@de\/114718806151130318","error":""},"_links":{"self":[{"href":"https:\/\/www.europesays.com\/de\/wp-json\/wp\/v2\/posts\/206625","targetHints":{"allow":["GET"]}}],"collection":[{"href":"https:\/\/www.europesays.com\/de\/wp-json\/wp\/v2\/posts"}],"about":[{"href":"https:\/\/www.europesays.com\/de\/wp-json\/wp\/v2\/types\/post"}],"author":[{"embeddable":true,"href":"https:\/\/www.europesays.com\/de\/wp-json\/wp\/v2\/users\/2"}],"replies":[{"embeddable":true,"href":"https:\/\/www.europesays.com\/de\/wp-json\/wp\/v2\/comments?post=206625"}],"version-history":[{"count":0,"href":"https:\/\/www.europesays.com\/de\/wp-json\/wp\/v2\/posts\/206625\/revisions"}],"wp:featuredmedia":[{"embeddable":true,"href":"https:\/\/www.europesays.com\/de\/wp-json\/wp\/v2\/media\/206626"}],"wp:attachment":[{"href":"https:\/\/www.europesays.com\/de\/wp-json\/wp\/v2\/media?parent=206625"}],"wp:term":[{"taxonomy":"category","embeddable":true,"href":"https:\/\/www.europesays.com\/de\/wp-json\/wp\/v2\/categories?post=206625"},{"taxonomy":"post_tag","embeddable":true,"href":"https:\/\/www.europesays.com\/de\/wp-json\/wp\/v2\/tags?post=206625"}],"curies":[{"name":"wp","href":"https:\/\/api.w.org\/{rel}","templated":true}]}}