{"id":206821,"date":"2025-06-21T03:28:13","date_gmt":"2025-06-21T03:28:13","guid":{"rendered":"https:\/\/www.europesays.com\/de\/206821\/"},"modified":"2025-06-21T03:28:13","modified_gmt":"2025-06-21T03:28:13","slug":"tierpark-chemnitz-freut-sich-ueber-baby-aeffchen-2","status":"publish","type":"post","link":"https:\/\/www.europesays.com\/de\/206821\/","title":{"rendered":"Tierpark Chemnitz freut sich \u00fcber Baby-\u00c4ffchen"},"content":{"rendered":"<p class=\"text\">\nNiedlicher Nachwuchs im Tierpark Chemnitz: Bei den stark bedrohten Godlgelben L\u00f6wen\u00e4ffchen wurden Ende Mai Zwillinge geboren, wie der Tierpark jetzt mitteilte. Bei der Primatenart sind Zwillingsgeburten \u00fcblich.\n<\/p>\n<p>Eltern teilen sich Aufzucht<\/p>\n<p class=\"text\">\nNach der Geburt klammert sich der Nachwuchs sofort an das Fell der Eltern und l\u00e4sst sich sicher durch das Ge\u00e4st tragen. Mutter Anja und Vater Stitch k\u00fcmmern sich gemeinsam um ihre Babys und wechseln sich beim Tragen ab.\n<\/p>\n<p>Stark gef\u00e4hrdete Art<\/p>\n<p class=\"text\">\nGoldgelbe L\u00f6wen\u00e4ffchen stammen aus dem Regenwald Brasiliens. In freier Wildbahn leben nur etwa 2.000 Tiere der stark gef\u00e4hrdeten Art. 2023 war Affenpapa Stitch \u00fcber das Europ\u00e4ische Erhaltungszuchtprogramm aus Paris in den Tierpark Chemnitz gekommen. Die Zwillinge sind der erste L\u00f6wen\u00e4ffchen-Nachwuchs im Chemnitzer Tierpark seit mehreren Jahren.<\/p>\n","protected":false},"excerpt":{"rendered":"Niedlicher Nachwuchs im Tierpark Chemnitz: Bei den stark bedrohten Godlgelben L\u00f6wen\u00e4ffchen wurden Ende Mai Zwillinge geboren, wie der&hellip;\n","protected":false},"author":2,"featured_media":205487,"comment_status":"","ping_status":"","sticky":false,"template":"","format":"standard","meta":{"footnotes":""},"categories":[1851],"tags":[35869,13203,6497,2770,3364,29,548,663,3934,30,13,81,14,15,859,12,2242],"class_list":{"0":"post-206821","1":"post","2":"type-post","3":"status-publish","4":"format-standard","5":"has-post-thumbnail","7":"category-chemnitz","8":"tag-babys","9":"tag-nachwuchs","10":"tag-affen","11":"tag-chemnitz","12":"tag-de","13":"tag-deutschland","14":"tag-eu","15":"tag-europa","16":"tag-europe","17":"tag-germany","18":"tag-headlines","19":"tag-mdr","20":"tag-nachrichten","21":"tag-news","22":"tag-sachsen","23":"tag-schlagzeilen","24":"tag-tierpark"},"share_on_mastodon":{"url":"https:\/\/pubeurope.com\/@de\/114719234762856594","error":""},"_links":{"self":[{"href":"https:\/\/www.europesays.com\/de\/wp-json\/wp\/v2\/posts\/206821","targetHints":{"allow":["GET"]}}],"collection":[{"href":"https:\/\/www.europesays.com\/de\/wp-json\/wp\/v2\/posts"}],"about":[{"href":"https:\/\/www.europesays.com\/de\/wp-json\/wp\/v2\/types\/post"}],"author":[{"embeddable":true,"href":"https:\/\/www.europesays.com\/de\/wp-json\/wp\/v2\/users\/2"}],"replies":[{"embeddable":true,"href":"https:\/\/www.europesays.com\/de\/wp-json\/wp\/v2\/comments?post=206821"}],"version-history":[{"count":0,"href":"https:\/\/www.europesays.com\/de\/wp-json\/wp\/v2\/posts\/206821\/revisions"}],"wp:featuredmedia":[{"embeddable":true,"href":"https:\/\/www.europesays.com\/de\/wp-json\/wp\/v2\/media\/205487"}],"wp:attachment":[{"href":"https:\/\/www.europesays.com\/de\/wp-json\/wp\/v2\/media?parent=206821"}],"wp:term":[{"taxonomy":"category","embeddable":true,"href":"https:\/\/www.europesays.com\/de\/wp-json\/wp\/v2\/categories?post=206821"},{"taxonomy":"post_tag","embeddable":true,"href":"https:\/\/www.europesays.com\/de\/wp-json\/wp\/v2\/tags?post=206821"}],"curies":[{"name":"wp","href":"https:\/\/api.w.org\/{rel}","templated":true}]}}