{"id":206968,"date":"2025-06-21T04:51:09","date_gmt":"2025-06-21T04:51:09","guid":{"rendered":"https:\/\/www.europesays.com\/de\/206968\/"},"modified":"2025-06-21T04:51:09","modified_gmt":"2025-06-21T04:51:09","slug":"pol-ge-verkehrsunfall-mit-personenschaden-kradfahrer-verletzt-sich-bei","status":"publish","type":"post","link":"https:\/\/www.europesays.com\/de\/206968\/","title":{"rendered":"POL-GE: Verkehrsunfall mit Personenschaden &#8211; Kradfahrer verletzt sich bei &#8230;"},"content":{"rendered":"<p class=\"date\">21.06.2025 \u2013 06:14<\/p>\n<p class=\"customer\">\n                        <a class=\"story-customer\" title=\"weiter zum newsroom von Polizei Gelsenkirchen\" href=\"https:\/\/www.presseportal.de\/blaulicht\/nr\/51056\" rel=\"nofollow noopener\" target=\"_blank\">Polizei Gelsenkirchen<\/a>\n                    <\/p>\n<p><a data-category=\"citylink-story-view\" data-action=\"click\" data-label=\"Citylink in Meldungsansicht\" class=\"story-city event-trigger\" href=\"https:\/\/www.presseportal.de\/regional\/Gelsenkirchen\" title=\"News aus Gelsenkirchen \" rel=\"nofollow noopener\" target=\"_blank\">Gelsenkirchen<\/a> (ots)<\/p>\n<p>Am Freitag, 20.06.2025, kam es um 19:33 Uhr auf der Plutostra\u00dfe in H\u00f6he der dortigen Kleingartenanlage im Stadtteil Bulmke-H\u00fcllen zu einem Zusammensto\u00df zwischen einem Kradfahrer und einem Linienbus der Verkehrsbetriebe.<br \/>\nNach ersten Erkenntnissen fuhr ein 32-j\u00e4hrigr Gelsenkirchener mit einem nicht zugelassenen Kleinkraftrad aus der Einfahrt der dortigen Kleingartenanlage auf die Fahrbahn und \u00fcbersah dabei den herannahenden Linienbus.<br \/>\nTrotz eingeleiteter Vollbremsung des Busfahrers konnte ein Zusammensto\u00df nicht verhindert werden. Durch den Zusammensto\u00df verletzte sich der Kradfahrer schwer am Fu\u00df und wurde einem nahegelegenen Krankenhaus zugef\u00fchrt.<br \/>\nEin im Bus befindlicher weiblicher Fahrgast wurde durch den Unfall ebenfalls leicht verletzt, da sie durch die Vollbremsung im Bus zu Boden st\u00fcrzte.<\/p>\n<p>Im Verlaufe der Unfallaufnahme stellte sich heraus, dass der Kradfahrer zum Unfallzeitpunkt unter dem Einfluss von Alkohol und Bet\u00e4ubungsmitteln stand.<br \/>\n\u00dcber eine Fahrerlaubnis verf\u00fcgte der Gelsenkirchener ebenfalls nicht.<\/p>\n<p class=\"contact-headline\">Nachfragen f\u00fcr Journalistinnen und Journalisten:<\/p>\n<p class=\"contact-text\">Polizei Gelsenkirchen<br \/>Leitstelle<br \/>Leitstelle <br \/>Telefon: 0209\/365 2160<br \/>E-Mail: <a href=\"https:\/\/www.presseportal.de\/blaulicht\/pm\/51056\/mailto: leitstelle.gelsenkirchen@polizei.nrw.de\" class=\"uri-mailto\" rel=\"nofollow noopener\" target=\"_blank\"> leitstelle.gelsenkirchen@polizei.nrw.de<\/a><br \/><a target=\"_blank\" class=\"uri-ext outbound\" rel=\"noopener nofollow\" href=\"https:\/\/gelsenkirchen.polizei.nrw\/\">https:\/\/gelsenkirchen.polizei.nrw\/<\/a><\/p>\n<p class=\"originator\">Original-Content von: Polizei Gelsenkirchen, \u00fcbermittelt durch news aktuell<\/p>\n","protected":false},"excerpt":{"rendered":"21.06.2025 \u2013 06:14 Polizei Gelsenkirchen Gelsenkirchen (ots) Am Freitag, 20.06.2025, kam es um 19:33 Uhr auf der Plutostra\u00dfe&hellip;\n","protected":false},"author":2,"featured_media":108,"comment_status":"","ping_status":"","sticky":false,"template":"","format":"standard","meta":{"footnotes":""},"categories":[1848],"tags":[3364,29,548,663,3934,3658,30,13,177,14,15,1209,176,121,178,180,179,181,12],"class_list":{"0":"post-206968","1":"post","2":"type-post","3":"status-publish","4":"format-standard","5":"has-post-thumbnail","7":"category-gelsenkirchen","8":"tag-de","9":"tag-deutschland","10":"tag-eu","11":"tag-europa","12":"tag-europe","13":"tag-gelsenkirchen","14":"tag-germany","15":"tag-headlines","16":"tag-kriminalitt","17":"tag-nachrichten","18":"tag-news","19":"tag-nordrhein-westfalen","20":"tag-nrw","21":"tag-polizei","22":"tag-presse","23":"tag-pressemeldung","24":"tag-pressemitteilung","25":"tag-pressemitteilungen","26":"tag-schlagzeilen"},"share_on_mastodon":{"url":"https:\/\/pubeurope.com\/@de\/114719561043021475","error":""},"_links":{"self":[{"href":"https:\/\/www.europesays.com\/de\/wp-json\/wp\/v2\/posts\/206968","targetHints":{"allow":["GET"]}}],"collection":[{"href":"https:\/\/www.europesays.com\/de\/wp-json\/wp\/v2\/posts"}],"about":[{"href":"https:\/\/www.europesays.com\/de\/wp-json\/wp\/v2\/types\/post"}],"author":[{"embeddable":true,"href":"https:\/\/www.europesays.com\/de\/wp-json\/wp\/v2\/users\/2"}],"replies":[{"embeddable":true,"href":"https:\/\/www.europesays.com\/de\/wp-json\/wp\/v2\/comments?post=206968"}],"version-history":[{"count":0,"href":"https:\/\/www.europesays.com\/de\/wp-json\/wp\/v2\/posts\/206968\/revisions"}],"wp:featuredmedia":[{"embeddable":true,"href":"https:\/\/www.europesays.com\/de\/wp-json\/wp\/v2\/media\/108"}],"wp:attachment":[{"href":"https:\/\/www.europesays.com\/de\/wp-json\/wp\/v2\/media?parent=206968"}],"wp:term":[{"taxonomy":"category","embeddable":true,"href":"https:\/\/www.europesays.com\/de\/wp-json\/wp\/v2\/categories?post=206968"},{"taxonomy":"post_tag","embeddable":true,"href":"https:\/\/www.europesays.com\/de\/wp-json\/wp\/v2\/tags?post=206968"}],"curies":[{"name":"wp","href":"https:\/\/api.w.org\/{rel}","templated":true}]}}