{"id":207081,"date":"2025-06-21T05:54:09","date_gmt":"2025-06-21T05:54:09","guid":{"rendered":"https:\/\/www.europesays.com\/de\/207081\/"},"modified":"2025-06-21T05:54:09","modified_gmt":"2025-06-21T05:54:09","slug":"sanoussi-bliss-zieht-bilanz-vize-dschungelkoenig-nur-kontostand-ist-hoeher","status":"publish","type":"post","link":"https:\/\/www.europesays.com\/de\/207081\/","title":{"rendered":"Sanoussi-Bliss zieht Bilanz: Vize-Dschungelk\u00f6nig: &#8222;Nur Kontostand ist h\u00f6her&#8220;"},"content":{"rendered":"<p>                    Sanoussi-Bliss zieht Bilanz<br \/>\n                Vize-Dschungelk\u00f6nig: &#8222;Nur Kontostand ist h\u00f6her&#8220;<\/p>\n<p>\t\t\t\t              21.06.2025, 07:34 Uhr<\/p>\n<p>\t\t\t\t\t       Artikel anh\u00f6ren<\/p>\n<p>\t\t\t\t\t\t\tDiese Audioversion wurde k\u00fcnstlich generiert. <a href=\"https:\/\/www.n-tv.de\/23249898\" target=\"_blank\" rel=\"noopener\">Mehr Infos<\/a><\/p>\n<p><strong>Was bleibt vom Dschungelcamp, wenn die Kameras aus sind? F\u00fcr Pierre Sanoussi-Bliss, der einst in &#8222;Der Alte&#8220; ermittelte und bei &#8222;Unter uns&#8220; gastiert, ist die Antwort klar: ein bisschen mehr Geld, ein paar neue Fans &#8211; und die Erkenntnis, dass man auch ohne Kakerlaken im Rampenlicht stehen kann.<\/strong><\/p>\n<p>Schauspieler Pierre Sanoussi-Bliss geht es nach seiner Zeit im RTL-Dschungelcamp nach eigenen Worten genauso gut wie zuvor. &#8222;Nur der Kontostand ist h\u00f6her&#8220;, sagte der 62-J\u00e4hrige. &#8222;Ich kann als freier Schauspieler seit \u00fcber 40 Jahren von meinem Beruf leben, schlafe nicht unter einer Br\u00fccke, habe noch Zeit bis zur Rente und auch nebenbei nat\u00fcrlich gen\u00fcgend vorgesorgt, bin ziemlich fit und hab noch Spa\u00df am Job&#8220;, z\u00e4hlte er auf. Im September erscheine seine Biografie.<\/p>\n<p>Das alles seien Dinge, die auch ohne das Dschungelcamp stattgefunden h\u00e4tten, sagte der Darsteller. &#8222;Man sollte den Dschungel nun auch nicht \u00fcberbewerten.&#8220; Auch wenn er doch kleine Ver\u00e4nderungen wahrgenommen hat. &#8222;Der positive Effekt ist zum Beispiel, dass bisher zweimal eine Kn\u00f6llchentante Erbarmen hatte und aufs Ordnungsgeld im Tausch gegen ein Selfie verzichtete.&#8220; <\/p>\n<p>Einem breiten Publikum wurde der Schauspieler einst durch seine Rolle in der ZDF-Krimireihe &#8222;Der Alte&#8220; bekannt, in der er fast 20 Jahre mitspielte. Anfang 2025 nahm er dann an der Reality-Show &#8222;Ich bin ein Star &#8211; Holt mich hier raus!&#8220; teil. In der RTL-Dschungelsendung belegte er den zweiten Platz und avancierte zum Publikumsliebling.<\/p>\n<p>J\u00fcngst wurde bekannt, dass Sanoussi-Bliss auch einen neuen Serien-Job hat. Im RTL-Format &#8222;Unter uns&#8220;, das in der fiktiven Schillerallee in K\u00f6ln spielt, \u00fcbernimmt er eine Gastrolle. Erstmals soll er dort Mitte September zu sehen sein und einen mysteri\u00f6sen Designer spielen.<\/p>\n","protected":false},"excerpt":{"rendered":"Sanoussi-Bliss zieht Bilanz Vize-Dschungelk\u00f6nig: &#8222;Nur Kontostand ist h\u00f6her&#8220; 21.06.2025, 07:34 Uhr Artikel anh\u00f6ren Diese Audioversion wurde k\u00fcnstlich generiert.&hellip;\n","protected":false},"author":2,"featured_media":207082,"comment_status":"","ping_status":"","sticky":false,"template":"","format":"standard","meta":{"footnotes":""},"categories":[1773],"tags":[29,933,214,30,471,1780,215],"class_list":{"0":"post-207081","1":"post","2":"type-post","3":"status-publish","4":"format-standard","5":"has-post-thumbnail","7":"category-serien","8":"tag-deutschland","9":"tag-dschungelcamp","10":"tag-entertainment","11":"tag-germany","12":"tag-serien","13":"tag-series","14":"tag-unterhaltung"},"share_on_mastodon":{"url":"https:\/\/pubeurope.com\/@de\/114719808998757260","error":""},"_links":{"self":[{"href":"https:\/\/www.europesays.com\/de\/wp-json\/wp\/v2\/posts\/207081","targetHints":{"allow":["GET"]}}],"collection":[{"href":"https:\/\/www.europesays.com\/de\/wp-json\/wp\/v2\/posts"}],"about":[{"href":"https:\/\/www.europesays.com\/de\/wp-json\/wp\/v2\/types\/post"}],"author":[{"embeddable":true,"href":"https:\/\/www.europesays.com\/de\/wp-json\/wp\/v2\/users\/2"}],"replies":[{"embeddable":true,"href":"https:\/\/www.europesays.com\/de\/wp-json\/wp\/v2\/comments?post=207081"}],"version-history":[{"count":0,"href":"https:\/\/www.europesays.com\/de\/wp-json\/wp\/v2\/posts\/207081\/revisions"}],"wp:featuredmedia":[{"embeddable":true,"href":"https:\/\/www.europesays.com\/de\/wp-json\/wp\/v2\/media\/207082"}],"wp:attachment":[{"href":"https:\/\/www.europesays.com\/de\/wp-json\/wp\/v2\/media?parent=207081"}],"wp:term":[{"taxonomy":"category","embeddable":true,"href":"https:\/\/www.europesays.com\/de\/wp-json\/wp\/v2\/categories?post=207081"},{"taxonomy":"post_tag","embeddable":true,"href":"https:\/\/www.europesays.com\/de\/wp-json\/wp\/v2\/tags?post=207081"}],"curies":[{"name":"wp","href":"https:\/\/api.w.org\/{rel}","templated":true}]}}