{"id":207601,"date":"2025-06-21T10:48:12","date_gmt":"2025-06-21T10:48:12","guid":{"rendered":"https:\/\/www.europesays.com\/de\/207601\/"},"modified":"2025-06-21T10:48:12","modified_gmt":"2025-06-21T10:48:12","slug":"ungewoehnliche-orte-mit-alpakas-und-meer","status":"publish","type":"post","link":"https:\/\/www.europesays.com\/de\/207601\/","title":{"rendered":"Ungew\u00f6hnliche Orte mit Alpakas und Meer"},"content":{"rendered":"<p>In Bremen und Niedersachsen <\/p>\n<p>Yoga mit Alpakas, Ziegen und Wein: Diese Orte \u00fcberraschen<\/p>\n<p>t-online, dpa, Janet Binder<\/p>\n<p>21.06.2025 &#8211; 12:11 UhrLesedauer: 4 Min.<\/p>\n<p><a href=\"#focus-0\" class=\"transition-colors duration-200 focus-within:text-magenta block text-current relative\" data-sctrack=\"FocusGalleryImage.Reference\"><img fetchpriority=\"high\" data-testid=\"Opener.Image\" style=\"--lqipURL:url('https:\/\/images.t-online.de\/2025\/06\/8H8xHpvzhMB-\/448x813:3134x1763\/fit-in\/150x0\/filters:blur(25)\/eine-frau-macht-yoga-am-strand-symbolbild-in-bremen-und-niedersachsen-gibt-es-zahlreiche-ungewoehnliche-orte-fuer-den-sport.jpg')\"   loading=\"eager\" src=\"https:\/\/www.europesays.com\/de\/wp-content\/uploads\/2025\/06\/eine-frau-macht-yoga-am-strand-symbolbild-in-bremen-und-niedersachsen-gibt-es-zahlreiche-ungewoehnli.jpeg\" alt=\"Eine Frau macht Yoga am Strand (Symbolbild): In Bremen und Niedersachsen gibt es zahlreiche ungew\u00f6hnliche Orte f\u00fcr den Sport.\" title=\"Eine Frau macht Yoga am Strand (Symbolbild): In Bremen und Niedersachsen gibt es zahlreiche ungew\u00f6hnliche Orte f\u00fcr den Sport.\" width=\"3134\" height=\"1763\" class=\"bg-[url:var(--lqipURL)] bg-cover bg-center flex h-full w-full max-w-full\" decoding=\"async\"\/><img style=\"--width:32;--height:32\" loading=\"lazy\" src=\"https:\/\/www.t-online.de\/s\/paper\/_next\/static\/media\/zoom-in.f7dae02f.svg\" alt=\"Vergr\u00f6\u00dfern des Bildes\" title=\"Vergr\u00f6\u00dfern des Bildes\" class=\"block h-[calc(var(--height)_\/_16_*_1rem)] w-[calc(var(--width)_\/_16_*_1rem)] max-w-none absolute bottom-8 right-8 rounded-4 bg-snow p-8\" decoding=\"async\"\/><\/a><\/p>\n<p>Eine Frau macht Yoga am Strand (Symbolbild): In Bremen und Niedersachsen gibt es zahlreiche ungew\u00f6hnliche Orte f\u00fcr den Sport. (Quelle: IMAGO\/Joao Serafim)<\/p>\n<p>Vorlesen<a rel=\"nofollow noopener\" target=\"_blank\" class=\"transition-colors duration-200 cursor-pointer text-inherit no-underline group grid items-center rounded-8 bg-whitelilac text-black grid-cols-[min-content_34px] gap-8 px-8 py-[6px] text-12 hover:bg-magenta hover:text-whitelilac hover:dark:text-salemsfur\" href=\"https:\/\/news.google.com\/publications\/CAAqBwgKMIK-twswj9nOAw\" aria-label=\"Auf Google News folgen\">News folgen<\/a><img style=\"--width:16;--height:16\" loading=\"lazy\" src=\"https:\/\/www.t-online.de\/s\/paper\/_next\/static\/media\/sharing-menu-icon.1eb71368.svg\" alt=\"Teilen Menu auf machen\" title=\"Teilen Menu auf machen\" class=\"block h-[calc(var(--height)_\/_16_*_1rem)] w-[calc(var(--width)_\/_16_*_1rem)] max-w-none group-hover:contrast-200 group-hover:grayscale group-hover:invert dark:group-hover:invert dark:contrast-200 dark:grayscale dark:invert\" decoding=\"async\"\/>Artikel teilen<\/p>\n<p class=\"font-bold text-18 leading-17\">Yoga im Park oder am Strand ist l\u00e4ngst keine Seltenheit mehr. Wer es noch ausgefallener mag, findet im Norden Kurse an \u00fcberraschenden Orten: von der Weinbar bis zum Museum.<\/p>\n<p class=\"text-18 leading-17\">Viel braucht es nicht, um Yoga zu machen \u2013 einfach die Matte ausrollen, und schon kann es losgehen mit K\u00f6rper-, Atem- und Meditations\u00fcbungen. Ob allein im Wohnzimmer, gemeinsam im Fitnessstudio oder drau\u00dfen im Gr\u00fcnen: Yoga ist fast \u00fcberall m\u00f6glich. Und das gilt nicht nur heute, am internationalen Tag des Yogas.<\/p>\n<p class=\"text-18 leading-17\">In der Weinbar &#8222;Gegen\u00fcber&#8220; in Achim bei <a class=\"transition-colors duration-200 cursor-pointer text-inherit no-underline text-salemsfur md:hover:text-magenta md:hover:border-magenta md:focus:text-magenta border-current border-b border-solid break-words\" href=\"https:\/\/www.t-online.de\/region\/bremen\/\" data-sctrack=\"BodyAnchor\" rel=\"nofollow noopener\" target=\"_blank\">Bremen<\/a> wird Yoga in Verbindung mit vier verschiedenen Weinen angeboten. &#8222;Neben den Yoga-\u00dcbungen erkl\u00e4re ich etwas zum Wein, zum Beispiel was man an seiner Farbe erkennen kann&#8220;, sagt Weinkennerin Andrea Dehn. Bevor es auf die Matte geht, wird mit einem Glas angesto\u00dfen. Bei einer einleitenden Meditation reisen die Teilnehmenden gedanklich in ein Weinanbaugebiet.<\/p>\n<p class=\"text-18 leading-17\">Anschlie\u00dfend leitet Yogalehrerin Jessica Lembke zu Partner\u00fcbungen an, bei denen das Weinglas einbezogen wird: &#8222;Beim Krieger prostet man seinem Gegen\u00fcber zu, beim Baum wird das Glas auf dem Kopf platziert.&#8220;<\/p>\n<p class=\"text-18 leading-17\">Mit Gummistiefeln an den F\u00fc\u00dfen geht es mit Wattf\u00fchrerin Marthe Neumann im Wattenmeer an der Wurster Nordseek\u00fcste zu einer trockenen Stelle, wo die Matten ausgerollt werden. &#8222;Gummistiefel deshalb, damit man mit sauberen F\u00fc\u00dfen Yoga machen kann&#8220;, sagt Neumann. Zu Beginn legen sich alle hin. &#8222;Es geht erst darum, die Ger\u00e4usche zu h\u00f6ren, den Wind, die V\u00f6gel, das Knistern des Watts.&#8220; Die Namen der \u00dcbungen werden an die Umgebung angepasst. Aus dem herabschauenden Hund wird der Seehund, aus dem Baum die Prigge. &#8222;Es ist f\u00fcr die Leute eine M\u00f6glichkeit, das Watt anders zu erleben.&#8220;<\/p>\n<p class=\"text-18 leading-17\">Statt auf festem Boden wird auch auf dem Wasser Yoga gemacht. Genutzt wird daf\u00fcr ein besonders breites und stabiles SUP-Board. Trotzdem wird es wackelig. &#8222;Man hat einen doppelten Trainingseffekt, weil durch das Gleichgewicht, das man halten muss, die Tiefenmuskulatur angespannt wird&#8220;, sagt Trainerin D\u00f6rthe Buer, die Kurse auf dem Grambker Sportparksee in Bremen anbietet.<\/p>\n<p class=\"text-18 leading-17\">Die besondere Atmosph\u00e4re trage zur Entspannung bei. &#8222;Man h\u00f6rt das leichte Pl\u00e4tschern des Wassers und die V\u00f6gel&#8220;, sagt sie. Die Boards werden sternf\u00f6rmig an eine Boje geh\u00e4ngt, damit alle zusammenbleiben. Begonnen wird mit einfachen \u00dcbungen, damit sich alle an das Board gew\u00f6hnen. Vor Spiekeroog wird zudem SUP-Yoga auf der <a class=\"transition-colors duration-200 cursor-pointer text-inherit no-underline text-salemsfur md:hover:text-magenta md:hover:border-magenta md:focus:text-magenta border-current border-b border-solid break-words\" href=\"https:\/\/www.t-online.de\/themen\/nordsee\/\" data-sctrack=\"BodyAnchor\" rel=\"nofollow noopener\" target=\"_blank\">Nordsee<\/a> angeboten.<\/p>\n<p class=\"text-18 leading-17\">Die Alpakas von Birthe B\u00fcrger sind leicht zu unterscheiden: Karl ist wei\u00df, Horst ist braun und Willi ist schwarz. Alle drei Tiere geben sich gelassen, auch wenn eine Gruppe von Yogis auf ihrer Weide in Gnarrenburg (Landkreis Rotenburg) auftaucht und die Matten ausrollt. &#8222;Die Tiere sind einfach tiefenentspannt&#8220;, sagt Yogalehrerin Miriam L\u00fctjen. Das wirke sich auch auf die Teilnehmenden aus.<\/p>\n<p class=\"text-18 leading-17\">Wer will, darf zu Beginn der Yogastunden mit den Tieren auf Tuchf\u00fchlung gehen und sie mit Bl\u00e4ttern f\u00fcttern. Durch die \u00dcbungen lassen sich die Alpakas nicht aus der Ruhe bringen. Sp\u00e4testens, wenn das Handpan von Miriam L\u00fctjen erklingt, kommen sie immer n\u00e4her zur Gruppe.<\/p>\n<p class=\"text-18 leading-17\">Yoga mit Ziegen wird in Landolfshausen (Landkreis G\u00f6ttingen) angeboten. Auch hier geht es zun\u00e4chst darum, die Tiere kennenzulernen. &#8222;Wir lassen uns beschnuppern, streicheln, striegeln und spielen mit ihnen&#8220;, hei\u00dft es auf der Internetseite des Vereins \u00d6kotopia S\u00fcdniedersachsen. Anschlie\u00dfend werden die Matten auf der Weide ausgerollt. Je nach tagesaktueller Gem\u00fctslage der Tiere und der Menschen entscheide sich dann, ob die Ziegen ganz nah dabei seien oder lieber mit Abstand bei den \u00dcbungen zuschauten.<\/p>\n<p class=\"text-18 leading-17\">Wenn die Tagesbesucher weg sind, breiten Menschen im Bremer \u00dcbersee-Museum in der neuen Dauerausstellung &#8222;Der blaue Kontinent &#8211; Inseln im Pazifik&#8220; ihre Matten auf dem blauen Fu\u00dfboden aus. &#8222;Wenn man auf der Matte liegt, liegt man quasi auf dem Ozean und sieht \u00fcber seinem Kopf Mantarochen, Thunfisch und Wal von der Decke h\u00e4ngen&#8220;, sagt Carina Ohloff vom \u00dcbersee-Museum.<\/p>\n","protected":false},"excerpt":{"rendered":"In Bremen und Niedersachsen Yoga mit Alpakas, Ziegen und Wein: Diese Orte \u00fcberraschen t-online, dpa, Janet Binder 21.06.2025&hellip;\n","protected":false},"author":2,"featured_media":207602,"comment_status":"","ping_status":"","sticky":false,"template":"","format":"standard","meta":{"footnotes":""},"categories":[1824],"tags":[59796,63360,67346,2420,3364,29,67348,30,67345,604,67347,67344,67343,1411,7292,48166,17175,7289,16560],"class_list":{"0":"post-207601","1":"post","2":"type-post","3":"status-publish","4":"format-standard","5":"has-post-thumbnail","7":"category-bremen","8":"tag-achim","9":"tag-alpaka","10":"tag-andrea-dehn","11":"tag-bremen","12":"tag-de","13":"tag-deutschland","14":"tag-doerthe-buer","15":"tag-germany","16":"tag-gnarrenburg","17":"tag-hund","18":"tag-jessica-lembke","19":"tag-marthe-neumann","20":"tag-miriam-luetjen","21":"tag-niedersachsen","22":"tag-nordsee","23":"tag-nordseekueste","24":"tag-seltenheit","25":"tag-wattenmeer","26":"tag-wein"},"share_on_mastodon":{"url":"https:\/\/pubeurope.com\/@de\/114720965097921585","error":""},"_links":{"self":[{"href":"https:\/\/www.europesays.com\/de\/wp-json\/wp\/v2\/posts\/207601","targetHints":{"allow":["GET"]}}],"collection":[{"href":"https:\/\/www.europesays.com\/de\/wp-json\/wp\/v2\/posts"}],"about":[{"href":"https:\/\/www.europesays.com\/de\/wp-json\/wp\/v2\/types\/post"}],"author":[{"embeddable":true,"href":"https:\/\/www.europesays.com\/de\/wp-json\/wp\/v2\/users\/2"}],"replies":[{"embeddable":true,"href":"https:\/\/www.europesays.com\/de\/wp-json\/wp\/v2\/comments?post=207601"}],"version-history":[{"count":0,"href":"https:\/\/www.europesays.com\/de\/wp-json\/wp\/v2\/posts\/207601\/revisions"}],"wp:featuredmedia":[{"embeddable":true,"href":"https:\/\/www.europesays.com\/de\/wp-json\/wp\/v2\/media\/207602"}],"wp:attachment":[{"href":"https:\/\/www.europesays.com\/de\/wp-json\/wp\/v2\/media?parent=207601"}],"wp:term":[{"taxonomy":"category","embeddable":true,"href":"https:\/\/www.europesays.com\/de\/wp-json\/wp\/v2\/categories?post=207601"},{"taxonomy":"post_tag","embeddable":true,"href":"https:\/\/www.europesays.com\/de\/wp-json\/wp\/v2\/tags?post=207601"}],"curies":[{"name":"wp","href":"https:\/\/api.w.org\/{rel}","templated":true}]}}