{"id":207711,"date":"2025-06-21T11:51:15","date_gmt":"2025-06-21T11:51:15","guid":{"rendered":"https:\/\/www.europesays.com\/de\/207711\/"},"modified":"2025-06-21T11:51:15","modified_gmt":"2025-06-21T11:51:15","slug":"krieg-in-der-ukraine-russland-beschiesst-energieinfrastruktur-in-der-ukraine-politik","status":"publish","type":"post","link":"https:\/\/www.europesays.com\/de\/207711\/","title":{"rendered":"Krieg in der Ukraine &#8211; Russland beschie\u00dft Energieinfrastruktur in der Ukraine &#8211; Politik"},"content":{"rendered":"<p data-manual=\"paragraph\" data-schema-org-speakable=\"true\" class=\"css-1ylqqlw\">Poltawa (dpa) &#8211; <a href=\"https:\/\/www.sueddeutsche.de\/thema\/Russland\" rel=\"nofollow noopener\" target=\"_blank\">Russland<\/a> hat mit n\u00e4chtlichen Drohnen- und Raketenangriffen nach Angaben der \u00f6rtlichen Milit\u00e4rverwaltung die Energieinfrastruktur der zentralukrainischen Region Poltawa besch\u00e4digt. \u201eIm Kreis Krementschuk wurden direkte Einschl\u00e4ge und Abst\u00fcrze von Tr\u00fcmmern auf Objekte der Energieinfrastruktur und auf offenem Gel\u00e4nde registriert\u201c, schrieb der Milit\u00e4rgouverneur von Poltawa, Wolodymyr Kohut auf Telegram. Es habe eine Verletzte gegeben, teilte er mit. Zum Ausma\u00df der Sch\u00e4den machte er keine Angaben.<\/p>\n<p data-manual=\"paragraph\" data-schema-org-speakable=\"true\" class=\"css-1ylqqlw\">Medienberichten zufolge waren in der Industriestadt etwa 50 Explosionen zu h\u00f6ren. Das Internetportal Strana.ua ver\u00f6ffentlichte Fotos und Videos, die die Angriffe zeigen sollen und auf denen auch Rauch und Feuer zu sehen sind. Demnach hat Russland einmal mehr die in Krementschuk ans\u00e4ssige Raffinerie attackiert.<\/p>\n<p>Ukraine berichtet von knapp 300 Drohnen<\/p>\n<p data-manual=\"paragraph\" data-schema-org-speakable=\"true\" class=\"css-1ylqqlw\">Insgesamt hat Russland der ukrainischen Flugabwehr zufolge 272 Drohnen und Drohnenimitate in der Nacht gegen die <a href=\"https:\/\/www.sueddeutsche.de\/thema\/Ukraine\" rel=\"nofollow noopener\" target=\"_blank\">Ukraine<\/a> gestartet. 252 davon seien mit elektronischen Funkst\u00f6rungen abgefangen oder abgeschossen worden. Zudem seien vier russische Marschflugk\u00f6rper und eine Hyperschallrakete vernichtet worden, hei\u00dft es. Unabh\u00e4ngig lassen sich die Angaben nicht \u00fcberpr\u00fcfen.<\/p>\n<p data-manual=\"paragraph\" data-schema-org-speakable=\"true\" class=\"css-1ylqqlw\">N\u00e4chtliche Angriffe auf St\u00e4dte in der Ukraine geh\u00f6ren zum Alltag, seitdem vor mehr als drei Jahren Russlands Pr\u00e4sident Wladimir Putin die Invasion des Nachbarlands befohlen hat. Im Februar einigten sich Moskau und Kiew auf Vermittlung von US-Pr\u00e4sident Donald Trump darauf, als ersten Schritt in Verhandlungen \u00fcber ein Kriegsende Energieobjekte von den Luftschl\u00e4gen auszunehmen. Die auf 30 Tage befristete Abmachung ist inzwischen ausgelaufen \u2013 allerdings warfen sich beide Seiten auch w\u00e4hrend dieser Zeit Verst\u00f6\u00dfe gegen die Absprache vor. Ein Frieden in der Ukraine ist nach wie vor nicht in Sicht.<\/p>\n<p data-manual=\"paragraph\" data-schema-org-speakable=\"true\" class=\"css-1ylqqlw\">\u00a9 dpa-infocom, dpa:250621-930-698295\/2<\/p>\n","protected":false},"excerpt":{"rendered":"Poltawa (dpa) &#8211; Russland hat mit n\u00e4chtlichen Drohnen- und Raketenangriffen nach Angaben der \u00f6rtlichen Milit\u00e4rverwaltung die Energieinfrastruktur der&hellip;\n","protected":false},"author":2,"featured_media":207712,"comment_status":"","ping_status":"","sticky":false,"template":"","format":"standard","meta":{"footnotes":""},"categories":[4012],"tags":[331,332,147,13,8221,4046,14,15,16,307,12,149,317],"class_list":{"0":"post-207711","1":"post","2":"type-post","3":"status-publish","4":"format-standard","5":"has-post-thumbnail","7":"category-ukraine","8":"tag-aktuelle-nachrichten","9":"tag-aktuelle-news","10":"tag-ausland","11":"tag-headlines","12":"tag-konflikte","13":"tag-krieg","14":"tag-nachrichten","15":"tag-news","16":"tag-politik","17":"tag-russland","18":"tag-schlagzeilen","19":"tag-sueddeutsche-zeitung","20":"tag-ukraine"},"share_on_mastodon":{"url":"https:\/\/pubeurope.com\/@de\/114721212745211193","error":""},"_links":{"self":[{"href":"https:\/\/www.europesays.com\/de\/wp-json\/wp\/v2\/posts\/207711","targetHints":{"allow":["GET"]}}],"collection":[{"href":"https:\/\/www.europesays.com\/de\/wp-json\/wp\/v2\/posts"}],"about":[{"href":"https:\/\/www.europesays.com\/de\/wp-json\/wp\/v2\/types\/post"}],"author":[{"embeddable":true,"href":"https:\/\/www.europesays.com\/de\/wp-json\/wp\/v2\/users\/2"}],"replies":[{"embeddable":true,"href":"https:\/\/www.europesays.com\/de\/wp-json\/wp\/v2\/comments?post=207711"}],"version-history":[{"count":0,"href":"https:\/\/www.europesays.com\/de\/wp-json\/wp\/v2\/posts\/207711\/revisions"}],"wp:featuredmedia":[{"embeddable":true,"href":"https:\/\/www.europesays.com\/de\/wp-json\/wp\/v2\/media\/207712"}],"wp:attachment":[{"href":"https:\/\/www.europesays.com\/de\/wp-json\/wp\/v2\/media?parent=207711"}],"wp:term":[{"taxonomy":"category","embeddable":true,"href":"https:\/\/www.europesays.com\/de\/wp-json\/wp\/v2\/categories?post=207711"},{"taxonomy":"post_tag","embeddable":true,"href":"https:\/\/www.europesays.com\/de\/wp-json\/wp\/v2\/tags?post=207711"}],"curies":[{"name":"wp","href":"https:\/\/api.w.org\/{rel}","templated":true}]}}