{"id":207721,"date":"2025-06-21T11:57:10","date_gmt":"2025-06-21T11:57:10","guid":{"rendered":"https:\/\/www.europesays.com\/de\/207721\/"},"modified":"2025-06-21T11:57:10","modified_gmt":"2025-06-21T11:57:10","slug":"news-zu-nahost-israel-greift-iranische-atomanlage-isfahan-an-politik","status":"publish","type":"post","link":"https:\/\/www.europesays.com\/de\/207721\/","title":{"rendered":"News zu Nahost: Israel greift iranische Atomanlage Isfahan an &#8211; Politik"},"content":{"rendered":"<p>Israel: Haben iranische Atombombe um Jahre verz\u00f6gertIsrael sch\u00e4tzt, dass seine Angriffe in Iran die Entwicklung einer Atombombe durch die Islamische Republik um Jahre verz\u00f6gert haben. \u201eIch glaube, laut den Einsch\u00e4tzungen, die wir h\u00f6ren, haben wir die M\u00f6glichkeit f\u00fcr sie, eine Atombombe zu erlangen, bereits um mindestens zwei oder drei Jahre verz\u00f6gert\u201c, sagte der israelische Au\u00dfenminister Gideon Saar in einem Bild-Interview. \u201eDie Tatsache, dass wir jene Personen ausgeschaltet haben, die die Bewaffnung des Nuklearprogramms geleitet und vorangetrieben haben, ist \u00e4u\u00dfert wichtig im Hinblick auf die Ergebnisse\u201c, f\u00fcgte der Au\u00dfenminister hinzu.<\/p>\n<p>\u201eWir haben also bereits viel erreicht. Aber wir werden tun, was auch immer wir k\u00f6nnen. Wir werden nicht aufh\u00f6ren, bis wir alles getan haben, was m\u00f6glich ist, um diese Bedrohung zu beseitigen\u201c, sagte Saar. In einem anderen Interview mit dem japanischen Fernsehsender NHK sagte er: \u201eWir werden nicht zulassen, dass Iran wie Nordkorea wird. Iran hat versucht, den Weg Nordkoreas einzuschlagen, weil er glaubt, dass die Sicherheit seines Regimes durch Atomwaffen gew\u00e4hrleistet wird. Aber wir werden das in Iran nicht zulassen\u201c.<\/p>\n<p>Auf die Frage von NHK, ob Israel bereit sei, eine diplomatische L\u00f6sung im Konflikt mit Iran zu akzeptieren, sagte Saar: \u201ePers\u00f6nlich glaube ich nicht, dass Iran eine (diplomatische) L\u00f6sung anstrebt. Iran versucht, die internationale Gemeinschaft zu t\u00e4uschen\u201c. Die F\u00fchrung in Teheran behaupte, sie sei nicht zu Verhandlungen bereit, solange die Angriffe andauerten. Aber auch vor den Angriffen habe es keine Fortschritte bei Verhandlungen gegeben.\u00a0<\/p>\n","protected":false},"excerpt":{"rendered":"Israel: Haben iranische Atombombe um Jahre verz\u00f6gertIsrael sch\u00e4tzt, dass seine Angriffe in Iran die Entwicklung einer Atombombe durch&hellip;\n","protected":false},"author":2,"featured_media":207722,"comment_status":"","ping_status":"","sticky":false,"template":"","format":"standard","meta":{"footnotes":""},"categories":[3933],"tags":[331,332,499,548,663,158,3934,3935,739,738,410,13,18544,345,411,577,148,7296,14,5796,581,15,2548,16,42691,12,149,58,12184],"class_list":{"0":"post-207721","1":"post","2":"type-post","3":"status-publish","4":"format-standard","5":"has-post-thumbnail","7":"category-eu","8":"tag-aktuelle-nachrichten","9":"tag-aktuelle-news","10":"tag-benjamin-netanjahu","11":"tag-eu","12":"tag-europa","13":"tag-europaeische-union","14":"tag-europe","15":"tag-european-union","16":"tag-gaza","17":"tag-gazastreifen","18":"tag-hamas","19":"tag-headlines","20":"tag-hisbollah","21":"tag-iran","22":"tag-israel","23":"tag-krieg-in-nahost","24":"tag-leserdiskussion","25":"tag-libanon","26":"tag-nachrichten","27":"tag-naher-osten","28":"tag-nahostkonflikt","29":"tag-news","30":"tag-palaestina","31":"tag-politik","32":"tag-proteste-zum-nahostkonflikt","33":"tag-schlagzeilen","34":"tag-sueddeutsche-zeitung","35":"tag-syrien","36":"tag-westjordanland"},"share_on_mastodon":{"url":"https:\/\/pubeurope.com\/@de\/114721236603077548","error":""},"_links":{"self":[{"href":"https:\/\/www.europesays.com\/de\/wp-json\/wp\/v2\/posts\/207721","targetHints":{"allow":["GET"]}}],"collection":[{"href":"https:\/\/www.europesays.com\/de\/wp-json\/wp\/v2\/posts"}],"about":[{"href":"https:\/\/www.europesays.com\/de\/wp-json\/wp\/v2\/types\/post"}],"author":[{"embeddable":true,"href":"https:\/\/www.europesays.com\/de\/wp-json\/wp\/v2\/users\/2"}],"replies":[{"embeddable":true,"href":"https:\/\/www.europesays.com\/de\/wp-json\/wp\/v2\/comments?post=207721"}],"version-history":[{"count":0,"href":"https:\/\/www.europesays.com\/de\/wp-json\/wp\/v2\/posts\/207721\/revisions"}],"wp:featuredmedia":[{"embeddable":true,"href":"https:\/\/www.europesays.com\/de\/wp-json\/wp\/v2\/media\/207722"}],"wp:attachment":[{"href":"https:\/\/www.europesays.com\/de\/wp-json\/wp\/v2\/media?parent=207721"}],"wp:term":[{"taxonomy":"category","embeddable":true,"href":"https:\/\/www.europesays.com\/de\/wp-json\/wp\/v2\/categories?post=207721"},{"taxonomy":"post_tag","embeddable":true,"href":"https:\/\/www.europesays.com\/de\/wp-json\/wp\/v2\/tags?post=207721"}],"curies":[{"name":"wp","href":"https:\/\/api.w.org\/{rel}","templated":true}]}}